{"id":1021,"date":"2017-11-21T08:49:00","date_gmt":"2017-11-21T07:49:00","guid":{"rendered":"http:\/\/adwokatura.krakow.pl\/adwokaci-i-aplikanci\/?p=1021"},"modified":"2023-12-14T08:50:15","modified_gmt":"2023-12-14T07:50:15","slug":"tacy-prawnicy-sa-nam-potrzebni","status":"publish","type":"post","link":"https:\/\/adwokatura.krakow.pl\/adwokaci-i-aplikanci\/tacy-prawnicy-sa-nam-potrzebni\/","title":{"rendered":"TACY PRAWNICY S\u0104 NAM POTRZEBNI"},"content":{"rendered":"\n<p>\u201eOpinia publiczna o tym nie wie lub wie za ma\u0142o, \u017ce w\u015br\u00f3d prawnik\u00f3w, tak\u017ce m\u0142odych, jest wielu ludzi niezwyk\u0142ych, mog\u0105cych by\u0107 i dla swoich koleg\u00f3w i dla og\u00f3\u0142u wzorem profesjonalizmu, ale tak\u017ce zawodowej czy po prostu ludzkiej uczciwo\u015bci oraz empatii. Tacy prawnicy zwyci\u0119\u017cyli w konkursie Rising Stars w dotychczasowych edycjach&#8221;.<\/p>\n\n\n\n<p>Dziennik Gazeta Prawna, 21 Listopada 2017 roku<\/p>\n\n\n\n<p><a href=\"https:\/\/adwokatura.krakow.pl\/data\/domains\/1\/pl\/filemanager_files\/dziennik_gazeta_prawna_prawnik_2017_11_21_tacy_prawnicy_sa_nam_potrzebni_pdf.pdf\">Ca\u0142y artyku\u0142&nbsp;<\/a><\/p>\n","protected":false},"excerpt":{"rendered":"<p>\u201eOpinia publiczna o tym nie wie lub wie za ma\u0142o, \u017ce w\u015br\u00f3d prawnik\u00f3w, tak\u017ce m\u0142odych, jest wielu ludzi niezwyk\u0142ych, mog\u0105cych by\u0107 i dla swoich koleg\u00f3w i dla og\u00f3\u0142u wzorem profesjonalizmu, ale tak\u017ce zawodowej czy po prostu ludzkiej uczciwo\u015bci oraz empatii. Tacy prawnicy zwyci\u0119\u017cyli w konkursie Rising Stars w dotychczasowych edycjach&#8221;. Dziennik Gazeta Prawna, 21 Listopada [&hellip;]<\/p>\n","protected":false},"author":1,"featured_media":0,"comment_status":"open","ping_status":"open","sticky":false,"template":"","format":"standard","meta":{"_acf_changed":false,"inline_featured_image":false,"footnotes":""},"categories":[6],"tags":[],"class_list":["post-1021","post","type-post","status-publish","format-standard","hentry","category-artykuly"],"acf":[],"_links":{"self":[{"href":"https:\/\/adwokatura.krakow.pl\/adwokaci-i-aplikanci\/wp-json\/wp\/v2\/posts\/1021","targetHints":{"allow":["GET"]}}],"collection":[{"href":"https:\/\/adwokatura.krakow.pl\/adwokaci-i-aplikanci\/wp-json\/wp\/v2\/posts"}],"about":[{"href":"https:\/\/adwokatura.krakow.pl\/adwokaci-i-aplikanci\/wp-json\/wp\/v2\/types\/post"}],"author":[{"embeddable":true,"href":"https:\/\/adwokatura.krakow.pl\/adwokaci-i-aplikanci\/wp-json\/wp\/v2\/users\/1"}],"replies":[{"embeddable":true,"href":"https:\/\/adwokatura.krakow.pl\/adwokaci-i-aplikanci\/wp-json\/wp\/v2\/comments?post=1021"}],"version-history":[{"count":1,"href":"https:\/\/adwokatura.krakow.pl\/adwokaci-i-aplikanci\/wp-json\/wp\/v2\/posts\/1021\/revisions"}],"predecessor-version":[{"id":1022,"href":"https:\/\/adwokatura.krakow.pl\/adwokaci-i-aplikanci\/wp-json\/wp\/v2\/posts\/1021\/revisions\/1022"}],"wp:attachment":[{"href":"https:\/\/adwokatura.krakow.pl\/adwokaci-i-aplikanci\/wp-json\/wp\/v2\/media?parent=1021"}],"wp:term":[{"taxonomy":"category","embeddable":true,"href":"https:\/\/adwokatura.krakow.pl\/adwokaci-i-aplikanci\/wp-json\/wp\/v2\/categories?post=1021"},{"taxonomy":"post_tag","embeddable":true,"href":"https:\/\/adwokatura.krakow.pl\/adwokaci-i-aplikanci\/wp-json\/wp\/v2\/tags?post=1021"}],"curies":[{"name":"wp","href":"https:\/\/api.w.org\/{rel}","templated":true}]}}