{"id":1023,"date":"2017-11-21T08:50:00","date_gmt":"2017-11-21T07:50:00","guid":{"rendered":"http:\/\/adwokatura.krakow.pl\/adwokaci-i-aplikanci\/?p=1023"},"modified":"2023-12-14T08:51:20","modified_gmt":"2023-12-14T07:51:20","slug":"ostrzeliwuja-branze-call-center-z-kazdej-strony","status":"publish","type":"post","link":"https:\/\/adwokatura.krakow.pl\/adwokaci-i-aplikanci\/ostrzeliwuja-branze-call-center-z-kazdej-strony\/","title":{"rendered":"OSTRZELIWUJ\u0104 BRAN\u017b\u0118 CALL CENTER Z KA\u017bDEJ STRONY"},"content":{"rendered":"\n<p>Ju\u017c sam telefon z pro\u015bb\u0105 o zgod\u0119 na marketing mo\u017ce by\u0107 naruszeniem prawa &#8211; wynika ze stanowiska UOKiK. Prawnicy uznaj\u0105 tak\u0105 interpretacj\u0119 za zbyt rygorystyczn\u0105.<\/p>\n\n\n\n<p>Dziennik Gazeta Prawna, 21 Listopada 2017 roku<\/p>\n\n\n\n<p><a href=\"https:\/\/adwokatura.krakow.pl\/data\/domains\/1\/pl\/filemanager_files\/dziennik_gazeta_prawna_b_2017_11_21_ostrzeliwuja_branze_call_center_z_kazdej_strony-pdf.pdf\">Ca\u0142y artyku\u0142<\/a><\/p>\n","protected":false},"excerpt":{"rendered":"<p>Ju\u017c sam telefon z pro\u015bb\u0105 o zgod\u0119 na marketing mo\u017ce by\u0107 naruszeniem prawa &#8211; wynika ze stanowiska UOKiK. Prawnicy uznaj\u0105 tak\u0105 interpretacj\u0119 za zbyt rygorystyczn\u0105. Dziennik Gazeta Prawna, 21 Listopada 2017 roku Ca\u0142y artyku\u0142<\/p>\n","protected":false},"author":1,"featured_media":0,"comment_status":"open","ping_status":"open","sticky":false,"template":"","format":"standard","meta":{"_acf_changed":false,"inline_featured_image":false,"footnotes":""},"categories":[6],"tags":[],"class_list":["post-1023","post","type-post","status-publish","format-standard","hentry","category-artykuly"],"acf":[],"_links":{"self":[{"href":"https:\/\/adwokatura.krakow.pl\/adwokaci-i-aplikanci\/wp-json\/wp\/v2\/posts\/1023","targetHints":{"allow":["GET"]}}],"collection":[{"href":"https:\/\/adwokatura.krakow.pl\/adwokaci-i-aplikanci\/wp-json\/wp\/v2\/posts"}],"about":[{"href":"https:\/\/adwokatura.krakow.pl\/adwokaci-i-aplikanci\/wp-json\/wp\/v2\/types\/post"}],"author":[{"embeddable":true,"href":"https:\/\/adwokatura.krakow.pl\/adwokaci-i-aplikanci\/wp-json\/wp\/v2\/users\/1"}],"replies":[{"embeddable":true,"href":"https:\/\/adwokatura.krakow.pl\/adwokaci-i-aplikanci\/wp-json\/wp\/v2\/comments?post=1023"}],"version-history":[{"count":1,"href":"https:\/\/adwokatura.krakow.pl\/adwokaci-i-aplikanci\/wp-json\/wp\/v2\/posts\/1023\/revisions"}],"predecessor-version":[{"id":1024,"href":"https:\/\/adwokatura.krakow.pl\/adwokaci-i-aplikanci\/wp-json\/wp\/v2\/posts\/1023\/revisions\/1024"}],"wp:attachment":[{"href":"https:\/\/adwokatura.krakow.pl\/adwokaci-i-aplikanci\/wp-json\/wp\/v2\/media?parent=1023"}],"wp:term":[{"taxonomy":"category","embeddable":true,"href":"https:\/\/adwokatura.krakow.pl\/adwokaci-i-aplikanci\/wp-json\/wp\/v2\/categories?post=1023"},{"taxonomy":"post_tag","embeddable":true,"href":"https:\/\/adwokatura.krakow.pl\/adwokaci-i-aplikanci\/wp-json\/wp\/v2\/tags?post=1023"}],"curies":[{"name":"wp","href":"https:\/\/api.w.org\/{rel}","templated":true}]}}