{"id":1034,"date":"2017-11-20T08:55:00","date_gmt":"2017-11-20T07:55:00","guid":{"rendered":"http:\/\/adwokatura.krakow.pl\/adwokaci-i-aplikanci\/?p=1034"},"modified":"2023-12-14T08:55:30","modified_gmt":"2023-12-14T07:55:30","slug":"prezydencka-reforma-sadownictwa-nabiera-tempa","status":"publish","type":"post","link":"https:\/\/adwokatura.krakow.pl\/adwokaci-i-aplikanci\/prezydencka-reforma-sadownictwa-nabiera-tempa\/","title":{"rendered":"PREZYDENCKA REFORMA S\u0104DOWNICTWA NABIERA TEMPA"},"content":{"rendered":"\n<p>Na rozpoczynaj\u0105cym si\u0119 w tym tygodniu posiedzeniu Sejm pochyli si\u0119 nad projektami g\u0142owy pa\u0144stwa dotycz\u0105cymi s\u0105downictwa.<\/p>\n\n\n\n<p>Prezydenckie projekty dotycz\u0105ce Krajowej Rady S\u0105downictwa i S\u0105du Najwy\u017cszego doczeka\u0142y si\u0119 wreszcie nadania numer\u00f3w druk\u00f3w sejmowych i zosta\u0142y skierowane do pierwszego czytania. Od chwili, gdy trafi\u0142y do laski marsza\u0142kowskiej, up\u0142yn\u0105\u0142 ponad miesi\u0105c.<\/p>\n\n\n\n<p>Dziennik Gazeta Prawna, 20 listopada 2017 roku<\/p>\n\n\n\n<p><a href=\"http:\/\/prawo.gazetaprawna.pl\/artykuly\/1086182,reforma-sadownictwa-ustawy-prezydenta.html\">ca\u0142y artyku\u0142<\/a><\/p>\n","protected":false},"excerpt":{"rendered":"<p>Na rozpoczynaj\u0105cym si\u0119 w tym tygodniu posiedzeniu Sejm pochyli si\u0119 nad projektami g\u0142owy pa\u0144stwa dotycz\u0105cymi s\u0105downictwa. Prezydenckie projekty dotycz\u0105ce Krajowej Rady S\u0105downictwa i S\u0105du Najwy\u017cszego doczeka\u0142y si\u0119 wreszcie nadania numer\u00f3w druk\u00f3w sejmowych i zosta\u0142y skierowane do pierwszego czytania. Od chwili, gdy trafi\u0142y do laski marsza\u0142kowskiej, up\u0142yn\u0105\u0142 ponad miesi\u0105c. Dziennik Gazeta Prawna, 20 listopada 2017 roku [&hellip;]<\/p>\n","protected":false},"author":1,"featured_media":0,"comment_status":"open","ping_status":"open","sticky":false,"template":"","format":"standard","meta":{"_acf_changed":false,"inline_featured_image":false,"footnotes":""},"categories":[6],"tags":[],"class_list":["post-1034","post","type-post","status-publish","format-standard","hentry","category-artykuly"],"acf":[],"_links":{"self":[{"href":"https:\/\/adwokatura.krakow.pl\/adwokaci-i-aplikanci\/wp-json\/wp\/v2\/posts\/1034","targetHints":{"allow":["GET"]}}],"collection":[{"href":"https:\/\/adwokatura.krakow.pl\/adwokaci-i-aplikanci\/wp-json\/wp\/v2\/posts"}],"about":[{"href":"https:\/\/adwokatura.krakow.pl\/adwokaci-i-aplikanci\/wp-json\/wp\/v2\/types\/post"}],"author":[{"embeddable":true,"href":"https:\/\/adwokatura.krakow.pl\/adwokaci-i-aplikanci\/wp-json\/wp\/v2\/users\/1"}],"replies":[{"embeddable":true,"href":"https:\/\/adwokatura.krakow.pl\/adwokaci-i-aplikanci\/wp-json\/wp\/v2\/comments?post=1034"}],"version-history":[{"count":1,"href":"https:\/\/adwokatura.krakow.pl\/adwokaci-i-aplikanci\/wp-json\/wp\/v2\/posts\/1034\/revisions"}],"predecessor-version":[{"id":1035,"href":"https:\/\/adwokatura.krakow.pl\/adwokaci-i-aplikanci\/wp-json\/wp\/v2\/posts\/1034\/revisions\/1035"}],"wp:attachment":[{"href":"https:\/\/adwokatura.krakow.pl\/adwokaci-i-aplikanci\/wp-json\/wp\/v2\/media?parent=1034"}],"wp:term":[{"taxonomy":"category","embeddable":true,"href":"https:\/\/adwokatura.krakow.pl\/adwokaci-i-aplikanci\/wp-json\/wp\/v2\/categories?post=1034"},{"taxonomy":"post_tag","embeddable":true,"href":"https:\/\/adwokatura.krakow.pl\/adwokaci-i-aplikanci\/wp-json\/wp\/v2\/tags?post=1034"}],"curies":[{"name":"wp","href":"https:\/\/api.w.org\/{rel}","templated":true}]}}