{"id":1036,"date":"2017-11-16T08:55:00","date_gmt":"2017-11-16T07:55:00","guid":{"rendered":"http:\/\/adwokatura.krakow.pl\/adwokaci-i-aplikanci\/?p=1036"},"modified":"2023-12-14T08:56:07","modified_gmt":"2023-12-14T07:56:07","slug":"rzeczpospolita-tv-trela-to-byl-trudny-rok-dla-adwokatury","status":"publish","type":"post","link":"https:\/\/adwokatura.krakow.pl\/adwokaci-i-aplikanci\/rzeczpospolita-tv-trela-to-byl-trudny-rok-dla-adwokatury\/","title":{"rendered":"RZECZPOSPOLITA TV: TRELA: TO BY\u0141 TRUDNY ROK DLA ADWOKATURY"},"content":{"rendered":"\n<p>Mija rok, odk\u0105d funkcj\u0119 prezesa Naczelnej Rady Adwokackiej obj\u0105\u0142 Jacek Trela, go\u015b\u0107 Tomasza Pietrygi w \u015brodowym programie #RZECZoPRAWIE.<\/p>\n\n\n\n<p>Prezes NRA oceni\u0142, i\u017c by\u0142 to trudny rok w zwi\u0105zku z wydarzeniami w wymiarze sprawiedliwo\u015bci, kt\u00f3re dotykaj\u0105 tak\u017ce adwokatury. W\u015br\u00f3d swoich sukces\u00f3w prezes Trela wymieni\u0142 m.in. obni\u017cenie koszt\u00f3w dzia\u0142alno\u015bci samorz\u0105du, ta\u0144sze ubezpieczenia od odpowiedzialno\u015bci cywilnej dla adwokat\u00f3w i jej rozszerzenie, a tak\u017ce reform\u0119 wydawanego przez samorz\u0105d miesi\u0119cznika \u201ePalestra&#8221;. \u2013 Efekty tych dzia\u0142a\u0144 b\u0119d\u0105 widoczne w 2018 r. \u2013 zaznaczy\u0142.<\/p>\n\n\n\n<p>Rzeczpospolita TV, 16 listopada 2017 roku<\/p>\n\n\n\n<p><a href=\"http:\/\/www.rp.pl\/RZECZoPRAWIE\/171119352-Kontrowersyjna-sprzedaz-portalu-Zapytaj-Adwokata.html\">zobacz ca\u0142y wywiad<\/a><\/p>\n\n\n\n<p><a href=\"https:\/\/adwokatura.krakow.pl\/data\/domains\/1\/pl\/filemanager_files\/artykuy\/rzeczpospolita_c_2017_11_16_trela-to_byl_trudny_rok_dla-adwokatury_pdf.pdf\">czytaj artyku\u0142<\/a><\/p>\n","protected":false},"excerpt":{"rendered":"<p>Mija rok, odk\u0105d funkcj\u0119 prezesa Naczelnej Rady Adwokackiej obj\u0105\u0142 Jacek Trela, go\u015b\u0107 Tomasza Pietrygi w \u015brodowym programie #RZECZoPRAWIE. Prezes NRA oceni\u0142, i\u017c by\u0142 to trudny rok w zwi\u0105zku z wydarzeniami w wymiarze sprawiedliwo\u015bci, kt\u00f3re dotykaj\u0105 tak\u017ce adwokatury. W\u015br\u00f3d swoich sukces\u00f3w prezes Trela wymieni\u0142 m.in. obni\u017cenie koszt\u00f3w dzia\u0142alno\u015bci samorz\u0105du, ta\u0144sze ubezpieczenia od odpowiedzialno\u015bci cywilnej dla adwokat\u00f3w [&hellip;]<\/p>\n","protected":false},"author":1,"featured_media":0,"comment_status":"open","ping_status":"open","sticky":false,"template":"","format":"standard","meta":{"_acf_changed":false,"inline_featured_image":false,"footnotes":""},"categories":[6],"tags":[],"class_list":["post-1036","post","type-post","status-publish","format-standard","hentry","category-artykuly"],"acf":[],"_links":{"self":[{"href":"https:\/\/adwokatura.krakow.pl\/adwokaci-i-aplikanci\/wp-json\/wp\/v2\/posts\/1036","targetHints":{"allow":["GET"]}}],"collection":[{"href":"https:\/\/adwokatura.krakow.pl\/adwokaci-i-aplikanci\/wp-json\/wp\/v2\/posts"}],"about":[{"href":"https:\/\/adwokatura.krakow.pl\/adwokaci-i-aplikanci\/wp-json\/wp\/v2\/types\/post"}],"author":[{"embeddable":true,"href":"https:\/\/adwokatura.krakow.pl\/adwokaci-i-aplikanci\/wp-json\/wp\/v2\/users\/1"}],"replies":[{"embeddable":true,"href":"https:\/\/adwokatura.krakow.pl\/adwokaci-i-aplikanci\/wp-json\/wp\/v2\/comments?post=1036"}],"version-history":[{"count":1,"href":"https:\/\/adwokatura.krakow.pl\/adwokaci-i-aplikanci\/wp-json\/wp\/v2\/posts\/1036\/revisions"}],"predecessor-version":[{"id":1037,"href":"https:\/\/adwokatura.krakow.pl\/adwokaci-i-aplikanci\/wp-json\/wp\/v2\/posts\/1036\/revisions\/1037"}],"wp:attachment":[{"href":"https:\/\/adwokatura.krakow.pl\/adwokaci-i-aplikanci\/wp-json\/wp\/v2\/media?parent=1036"}],"wp:term":[{"taxonomy":"category","embeddable":true,"href":"https:\/\/adwokatura.krakow.pl\/adwokaci-i-aplikanci\/wp-json\/wp\/v2\/categories?post=1036"},{"taxonomy":"post_tag","embeddable":true,"href":"https:\/\/adwokatura.krakow.pl\/adwokaci-i-aplikanci\/wp-json\/wp\/v2\/tags?post=1036"}],"curies":[{"name":"wp","href":"https:\/\/api.w.org\/{rel}","templated":true}]}}