{"id":1038,"date":"2017-11-15T08:58:00","date_gmt":"2017-11-15T07:58:00","guid":{"rendered":"http:\/\/adwokatura.krakow.pl\/adwokaci-i-aplikanci\/?p=1038"},"modified":"2023-12-14T08:59:12","modified_gmt":"2023-12-14T07:59:12","slug":"rising-stars-2017-nagrodzilismy-mlode-gwiazdy-prawniczego-swiata","status":"publish","type":"post","link":"https:\/\/adwokatura.krakow.pl\/adwokaci-i-aplikanci\/rising-stars-2017-nagrodzilismy-mlode-gwiazdy-prawniczego-swiata\/","title":{"rendered":"RISING STARS 2017: NAGRODZILI\u015aMY M\u0141ODE GWIAZDY PRAWNICZEGO \u015aWIATA"},"content":{"rendered":"\n<p>Karolina Kuszlewicz, 32-letnia adwokat prowadz\u0105ca indywidualn\u0105 praktyk\u0119, zaj\u0119\u0142a 1. miejsce w konkursie Rising Stars Prawnicy \u2013 liderzy jutra 2017 organizowanym przez Dziennik Gazet\u0119 Prawn\u0105 i Wolters Kluwer Polska.<\/p>\n\n\n\n<p>Dziennik Gazeta Prawna, 15 listopada 2017 roku<\/p>\n\n\n\n<p><a href=\"http:\/\/prawo.gazetaprawna.pl\/artykuly\/1085219,nagrody-rising-stars-2017.html\">ca\u0142y artyku\u0142<\/a><\/p>\n","protected":false},"excerpt":{"rendered":"<p>Karolina Kuszlewicz, 32-letnia adwokat prowadz\u0105ca indywidualn\u0105 praktyk\u0119, zaj\u0119\u0142a 1. miejsce w konkursie Rising Stars Prawnicy \u2013 liderzy jutra 2017 organizowanym przez Dziennik Gazet\u0119 Prawn\u0105 i Wolters Kluwer Polska. Dziennik Gazeta Prawna, 15 listopada 2017 roku ca\u0142y artyku\u0142<\/p>\n","protected":false},"author":1,"featured_media":0,"comment_status":"open","ping_status":"open","sticky":false,"template":"","format":"standard","meta":{"_acf_changed":false,"inline_featured_image":false,"footnotes":""},"categories":[6],"tags":[],"class_list":["post-1038","post","type-post","status-publish","format-standard","hentry","category-artykuly"],"acf":[],"_links":{"self":[{"href":"https:\/\/adwokatura.krakow.pl\/adwokaci-i-aplikanci\/wp-json\/wp\/v2\/posts\/1038","targetHints":{"allow":["GET"]}}],"collection":[{"href":"https:\/\/adwokatura.krakow.pl\/adwokaci-i-aplikanci\/wp-json\/wp\/v2\/posts"}],"about":[{"href":"https:\/\/adwokatura.krakow.pl\/adwokaci-i-aplikanci\/wp-json\/wp\/v2\/types\/post"}],"author":[{"embeddable":true,"href":"https:\/\/adwokatura.krakow.pl\/adwokaci-i-aplikanci\/wp-json\/wp\/v2\/users\/1"}],"replies":[{"embeddable":true,"href":"https:\/\/adwokatura.krakow.pl\/adwokaci-i-aplikanci\/wp-json\/wp\/v2\/comments?post=1038"}],"version-history":[{"count":1,"href":"https:\/\/adwokatura.krakow.pl\/adwokaci-i-aplikanci\/wp-json\/wp\/v2\/posts\/1038\/revisions"}],"predecessor-version":[{"id":1039,"href":"https:\/\/adwokatura.krakow.pl\/adwokaci-i-aplikanci\/wp-json\/wp\/v2\/posts\/1038\/revisions\/1039"}],"wp:attachment":[{"href":"https:\/\/adwokatura.krakow.pl\/adwokaci-i-aplikanci\/wp-json\/wp\/v2\/media?parent=1038"}],"wp:term":[{"taxonomy":"category","embeddable":true,"href":"https:\/\/adwokatura.krakow.pl\/adwokaci-i-aplikanci\/wp-json\/wp\/v2\/categories?post=1038"},{"taxonomy":"post_tag","embeddable":true,"href":"https:\/\/adwokatura.krakow.pl\/adwokaci-i-aplikanci\/wp-json\/wp\/v2\/tags?post=1038"}],"curies":[{"name":"wp","href":"https:\/\/api.w.org\/{rel}","templated":true}]}}