{"id":1040,"date":"2017-11-15T08:59:00","date_gmt":"2017-11-15T07:59:00","guid":{"rendered":"http:\/\/adwokatura.krakow.pl\/adwokaci-i-aplikanci\/?p=1040"},"modified":"2023-12-14T08:59:52","modified_gmt":"2023-12-14T07:59:52","slug":"dzien-malego-faszysty-i-pozytecznego-idioty","status":"publish","type":"post","link":"https:\/\/adwokatura.krakow.pl\/adwokaci-i-aplikanci\/dzien-malego-faszysty-i-pozytecznego-idioty\/","title":{"rendered":"Dzie\u0144 ma\u0142ego faszysty i po\u017cytecznego idioty"},"content":{"rendered":"\n<p>Narody, kt\u00f3re s\u0105 sprawcami najwi\u0119kszych tragedii XX w., twierdz\u0105, \u017ce by\u0142y ofiarami szale\u0144czych ideologii. Niemcy wskazuj\u0105, \u017ce to nie oni dokonali zbrodni hitlerowskich, lecz niemieccy nazi\u015bci. Rosjanie obci\u0105\u017caj\u0105 tw\u00f3rc\u00f3w komunistycznego re\u017cimu. W\u0142osi udaj\u0105, \u017ce problemu w og\u00f3le nie by\u0142o. Tymczasem przedstawiciele skrajnych idei dochodzili do w\u0142adzy przy biernej aprobacie wi\u0119kszo\u015bci spo\u0142ecze\u0144stwa, niespodziewaj\u0105cego si\u0119, do czego doprowadz\u0105 drobne naruszenia praworz\u0105dno\u015bci.<\/p>\n\n\n\n<p>Dziennik Gazeta Prawna, 15 listopada 2017 r.<\/p>\n\n\n\n<p><a href=\"https:\/\/adwokatura.krakow.pl\/data\/domains\/1\/pl\/filemanager_files\/artykuy\/dziennik_gazeta_prawna_2017_11_15_dzien_malego_faszysty_i_pozytecznego_idioty-pdf.pdf\">Ca\u0142y artyku\u0142<\/a><\/p>\n","protected":false},"excerpt":{"rendered":"<p>Narody, kt\u00f3re s\u0105 sprawcami najwi\u0119kszych tragedii XX w., twierdz\u0105, \u017ce by\u0142y ofiarami szale\u0144czych ideologii. Niemcy wskazuj\u0105, \u017ce to nie oni dokonali zbrodni hitlerowskich, lecz niemieccy nazi\u015bci. Rosjanie obci\u0105\u017caj\u0105 tw\u00f3rc\u00f3w komunistycznego re\u017cimu. W\u0142osi udaj\u0105, \u017ce problemu w og\u00f3le nie by\u0142o. Tymczasem przedstawiciele skrajnych idei dochodzili do w\u0142adzy przy biernej aprobacie wi\u0119kszo\u015bci spo\u0142ecze\u0144stwa, niespodziewaj\u0105cego si\u0119, do czego [&hellip;]<\/p>\n","protected":false},"author":1,"featured_media":0,"comment_status":"open","ping_status":"open","sticky":false,"template":"","format":"standard","meta":{"_acf_changed":false,"inline_featured_image":false,"footnotes":""},"categories":[6],"tags":[],"class_list":["post-1040","post","type-post","status-publish","format-standard","hentry","category-artykuly"],"acf":[],"_links":{"self":[{"href":"https:\/\/adwokatura.krakow.pl\/adwokaci-i-aplikanci\/wp-json\/wp\/v2\/posts\/1040","targetHints":{"allow":["GET"]}}],"collection":[{"href":"https:\/\/adwokatura.krakow.pl\/adwokaci-i-aplikanci\/wp-json\/wp\/v2\/posts"}],"about":[{"href":"https:\/\/adwokatura.krakow.pl\/adwokaci-i-aplikanci\/wp-json\/wp\/v2\/types\/post"}],"author":[{"embeddable":true,"href":"https:\/\/adwokatura.krakow.pl\/adwokaci-i-aplikanci\/wp-json\/wp\/v2\/users\/1"}],"replies":[{"embeddable":true,"href":"https:\/\/adwokatura.krakow.pl\/adwokaci-i-aplikanci\/wp-json\/wp\/v2\/comments?post=1040"}],"version-history":[{"count":1,"href":"https:\/\/adwokatura.krakow.pl\/adwokaci-i-aplikanci\/wp-json\/wp\/v2\/posts\/1040\/revisions"}],"predecessor-version":[{"id":1041,"href":"https:\/\/adwokatura.krakow.pl\/adwokaci-i-aplikanci\/wp-json\/wp\/v2\/posts\/1040\/revisions\/1041"}],"wp:attachment":[{"href":"https:\/\/adwokatura.krakow.pl\/adwokaci-i-aplikanci\/wp-json\/wp\/v2\/media?parent=1040"}],"wp:term":[{"taxonomy":"category","embeddable":true,"href":"https:\/\/adwokatura.krakow.pl\/adwokaci-i-aplikanci\/wp-json\/wp\/v2\/categories?post=1040"},{"taxonomy":"post_tag","embeddable":true,"href":"https:\/\/adwokatura.krakow.pl\/adwokaci-i-aplikanci\/wp-json\/wp\/v2\/tags?post=1040"}],"curies":[{"name":"wp","href":"https:\/\/api.w.org\/{rel}","templated":true}]}}