{"id":1045,"date":"2017-10-31T09:02:00","date_gmt":"2017-10-31T08:02:00","guid":{"rendered":"http:\/\/adwokatura.krakow.pl\/adwokaci-i-aplikanci\/?p=1045"},"modified":"2023-12-14T09:03:22","modified_gmt":"2023-12-14T08:03:22","slug":"samorzad-to-nie-miejsce-na-polityke","status":"publish","type":"post","link":"https:\/\/adwokatura.krakow.pl\/adwokaci-i-aplikanci\/samorzad-to-nie-miejsce-na-polityke\/","title":{"rendered":"SAMORZ\u0104D TO NIE MIEJSCE NA POLITYK\u0118"},"content":{"rendered":"\n<p><strong>Rz: Jaka jest krakowska izba adwokacka \u2013 najstarsza w Polsce, kt\u00f3ra w tym roku obchodzi 155-lecie istnienia?<\/strong><\/p>\n\n\n\n<p>Pawe\u0142 Gieras: Przekornie jest te\u017c izb\u0105 m\u0142od\u0105. Dwie trzecie naszych cz\u0142onk\u00f3w to adwokaci, kt\u00f3rzy nie maj\u0105 d\u0142u\u017cszego ni\u017c pi\u0119cioletni sta\u017c pracy. W mojej ocenie jeste\u015bmy te\u017c izb\u0105 aktywn\u0105. Staramy si\u0119 podejmowa\u0107 r\u00f3\u017cnie inicjatywy na forum og\u00f3lnopolskim i mi\u0119dzynarodowym. Chcemy, by nasz merytoryczny g\u0142os liczy\u0142 si\u0119 w \u015brodowisku, dlatego coraz cz\u0119\u015bciej organizujemy konferencje naukowe. Nie mo\u017cemy r\u00f3wnie\u017c zapomnie\u0107, \u017ce wraz z izb\u0105 wroc\u0142awsk\u0105 stawiamy na nowoczesne rozwi\u0105zania. Jeste\u015bmy wsp\u00f3\u0142pomys\u0142odawcami programu IDEA, czyli internetowego programu doskonalenia adwokat\u00f3w.<\/p>\n\n\n\n<p>Rzeczpospolita, 31 pa\u017adziernika 2017 roku<\/p>\n\n\n\n<p><a href=\"https:\/\/adwokatura.krakow.pl\/data\/domains\/1\/pl\/filemanager_files\/artykuy\/rzeczpospolita_rzecz_o_prawie_2017_10_31_samorzad_to_nie_miejsce_na_polityke_pdf.pdf\">Ca\u0142a rozmowa<\/a><\/p>\n","protected":false},"excerpt":{"rendered":"<p>Rz: Jaka jest krakowska izba adwokacka \u2013 najstarsza w Polsce, kt\u00f3ra w tym roku obchodzi 155-lecie istnienia? Pawe\u0142 Gieras: Przekornie jest te\u017c izb\u0105 m\u0142od\u0105. Dwie trzecie naszych cz\u0142onk\u00f3w to adwokaci, kt\u00f3rzy nie maj\u0105 d\u0142u\u017cszego ni\u017c pi\u0119cioletni sta\u017c pracy. W mojej ocenie jeste\u015bmy te\u017c izb\u0105 aktywn\u0105. Staramy si\u0119 podejmowa\u0107 r\u00f3\u017cnie inicjatywy na forum og\u00f3lnopolskim i mi\u0119dzynarodowym. [&hellip;]<\/p>\n","protected":false},"author":1,"featured_media":0,"comment_status":"open","ping_status":"open","sticky":false,"template":"","format":"standard","meta":{"_acf_changed":false,"inline_featured_image":false,"footnotes":""},"categories":[6],"tags":[],"class_list":["post-1045","post","type-post","status-publish","format-standard","hentry","category-artykuly"],"acf":[],"_links":{"self":[{"href":"https:\/\/adwokatura.krakow.pl\/adwokaci-i-aplikanci\/wp-json\/wp\/v2\/posts\/1045","targetHints":{"allow":["GET"]}}],"collection":[{"href":"https:\/\/adwokatura.krakow.pl\/adwokaci-i-aplikanci\/wp-json\/wp\/v2\/posts"}],"about":[{"href":"https:\/\/adwokatura.krakow.pl\/adwokaci-i-aplikanci\/wp-json\/wp\/v2\/types\/post"}],"author":[{"embeddable":true,"href":"https:\/\/adwokatura.krakow.pl\/adwokaci-i-aplikanci\/wp-json\/wp\/v2\/users\/1"}],"replies":[{"embeddable":true,"href":"https:\/\/adwokatura.krakow.pl\/adwokaci-i-aplikanci\/wp-json\/wp\/v2\/comments?post=1045"}],"version-history":[{"count":1,"href":"https:\/\/adwokatura.krakow.pl\/adwokaci-i-aplikanci\/wp-json\/wp\/v2\/posts\/1045\/revisions"}],"predecessor-version":[{"id":1046,"href":"https:\/\/adwokatura.krakow.pl\/adwokaci-i-aplikanci\/wp-json\/wp\/v2\/posts\/1045\/revisions\/1046"}],"wp:attachment":[{"href":"https:\/\/adwokatura.krakow.pl\/adwokaci-i-aplikanci\/wp-json\/wp\/v2\/media?parent=1045"}],"wp:term":[{"taxonomy":"category","embeddable":true,"href":"https:\/\/adwokatura.krakow.pl\/adwokaci-i-aplikanci\/wp-json\/wp\/v2\/categories?post=1045"},{"taxonomy":"post_tag","embeddable":true,"href":"https:\/\/adwokatura.krakow.pl\/adwokaci-i-aplikanci\/wp-json\/wp\/v2\/tags?post=1045"}],"curies":[{"name":"wp","href":"https:\/\/api.w.org\/{rel}","templated":true}]}}