{"id":1047,"date":"2017-10-31T09:03:00","date_gmt":"2017-10-31T08:03:00","guid":{"rendered":"http:\/\/adwokatura.krakow.pl\/adwokaci-i-aplikanci\/?p=1047"},"modified":"2023-12-14T09:04:02","modified_gmt":"2023-12-14T08:04:02","slug":"radcowie-bez-niezaleznosci","status":"publish","type":"post","link":"https:\/\/adwokatura.krakow.pl\/adwokaci-i-aplikanci\/radcowie-bez-niezaleznosci\/","title":{"rendered":"RADCOWIE BEZ NIEZALE\u017bNO\u015aCI"},"content":{"rendered":"\n<p>Klienci radc\u00f3w ryzykuj\u0105, powierzaj\u0105c im reprezentacj\u0119 przed Trybuna\u0142em Sprawiedliwo\u015bci UE.<\/p>\n\n\n\n<p>S\u0105dy unijne to nie miejsce dla radc\u00f3w reprezentuj\u0105cych mocodawc\u00f3w, z kt\u00f3rymi wi\u0105\u017ce ich dodatkowo etat czy nawet umowa cywilnoprawna. Do takiego wniosku doszli s\u0119dziowie z Luksemburga. Radcowie krytykuj\u0105, adwokaci przyznaj\u0105 im racj\u0119.<\/p>\n\n\n\n<p>Rzeczpospolita, 31 pa\u017cdziernika 2017 r.<\/p>\n\n\n\n<p><a href=\"https:\/\/adwokatura.krakow.pl\/data\/domains\/1\/pl\/filemanager_files\/artykuy\/rzeczpospolita_c_2017_10_31_radcowie_bez_niezaleznosci-pdf.pdf\">Ca\u0142y artyku\u0142<\/a><\/p>\n","protected":false},"excerpt":{"rendered":"<p>Klienci radc\u00f3w ryzykuj\u0105, powierzaj\u0105c im reprezentacj\u0119 przed Trybuna\u0142em Sprawiedliwo\u015bci UE. S\u0105dy unijne to nie miejsce dla radc\u00f3w reprezentuj\u0105cych mocodawc\u00f3w, z kt\u00f3rymi wi\u0105\u017ce ich dodatkowo etat czy nawet umowa cywilnoprawna. Do takiego wniosku doszli s\u0119dziowie z Luksemburga. Radcowie krytykuj\u0105, adwokaci przyznaj\u0105 im racj\u0119. Rzeczpospolita, 31 pa\u017cdziernika 2017 r. Ca\u0142y artyku\u0142<\/p>\n","protected":false},"author":1,"featured_media":0,"comment_status":"open","ping_status":"open","sticky":false,"template":"","format":"standard","meta":{"_acf_changed":false,"inline_featured_image":false,"footnotes":""},"categories":[6],"tags":[],"class_list":["post-1047","post","type-post","status-publish","format-standard","hentry","category-artykuly"],"acf":[],"_links":{"self":[{"href":"https:\/\/adwokatura.krakow.pl\/adwokaci-i-aplikanci\/wp-json\/wp\/v2\/posts\/1047","targetHints":{"allow":["GET"]}}],"collection":[{"href":"https:\/\/adwokatura.krakow.pl\/adwokaci-i-aplikanci\/wp-json\/wp\/v2\/posts"}],"about":[{"href":"https:\/\/adwokatura.krakow.pl\/adwokaci-i-aplikanci\/wp-json\/wp\/v2\/types\/post"}],"author":[{"embeddable":true,"href":"https:\/\/adwokatura.krakow.pl\/adwokaci-i-aplikanci\/wp-json\/wp\/v2\/users\/1"}],"replies":[{"embeddable":true,"href":"https:\/\/adwokatura.krakow.pl\/adwokaci-i-aplikanci\/wp-json\/wp\/v2\/comments?post=1047"}],"version-history":[{"count":1,"href":"https:\/\/adwokatura.krakow.pl\/adwokaci-i-aplikanci\/wp-json\/wp\/v2\/posts\/1047\/revisions"}],"predecessor-version":[{"id":1048,"href":"https:\/\/adwokatura.krakow.pl\/adwokaci-i-aplikanci\/wp-json\/wp\/v2\/posts\/1047\/revisions\/1048"}],"wp:attachment":[{"href":"https:\/\/adwokatura.krakow.pl\/adwokaci-i-aplikanci\/wp-json\/wp\/v2\/media?parent=1047"}],"wp:term":[{"taxonomy":"category","embeddable":true,"href":"https:\/\/adwokatura.krakow.pl\/adwokaci-i-aplikanci\/wp-json\/wp\/v2\/categories?post=1047"},{"taxonomy":"post_tag","embeddable":true,"href":"https:\/\/adwokatura.krakow.pl\/adwokaci-i-aplikanci\/wp-json\/wp\/v2\/tags?post=1047"}],"curies":[{"name":"wp","href":"https:\/\/api.w.org\/{rel}","templated":true}]}}