{"id":1049,"date":"2017-11-01T09:04:00","date_gmt":"2017-11-01T08:04:00","guid":{"rendered":"http:\/\/adwokatura.krakow.pl\/adwokaci-i-aplikanci\/?p=1049"},"modified":"2023-12-14T09:04:42","modified_gmt":"2023-12-14T08:04:42","slug":"nic-nie-zatrzyma-unijnych-zmian","status":"publish","type":"post","link":"https:\/\/adwokatura.krakow.pl\/adwokaci-i-aplikanci\/nic-nie-zatrzyma-unijnych-zmian\/","title":{"rendered":"NIC NIE ZATRZYMA UNIJNYCH ZMIAN"},"content":{"rendered":"\n<p>Unijne rozporz\u0105dzenie o ochronie danych osobowych b\u0119dzie obowi\u0105zywa\u0107 nawet bez krajowych przepis\u00f3w.<\/p>\n\n\n\n<p>Ewentualne odwo\u0142anie minister cyfryzacji lub likwidacja resortu mo\u017ce znacznie op\u00f3\u017ani\u0107 w pracach nad projektami ustaw dostosowuj\u0105cych polskie przepisy do generalnego rozporz\u0105dzenia o ochronie danych osobowych (RODO).<\/p>\n","protected":false},"excerpt":{"rendered":"<p>Unijne rozporz\u0105dzenie o ochronie danych osobowych b\u0119dzie obowi\u0105zywa\u0107 nawet bez krajowych przepis\u00f3w. Ewentualne odwo\u0142anie minister cyfryzacji lub likwidacja resortu mo\u017ce znacznie op\u00f3\u017ani\u0107 w pracach nad projektami ustaw dostosowuj\u0105cych polskie przepisy do generalnego rozporz\u0105dzenia o ochronie danych osobowych (RODO).<\/p>\n","protected":false},"author":1,"featured_media":0,"comment_status":"open","ping_status":"open","sticky":false,"template":"","format":"standard","meta":{"_acf_changed":false,"inline_featured_image":false,"footnotes":""},"categories":[6],"tags":[],"class_list":["post-1049","post","type-post","status-publish","format-standard","hentry","category-artykuly"],"acf":[],"_links":{"self":[{"href":"https:\/\/adwokatura.krakow.pl\/adwokaci-i-aplikanci\/wp-json\/wp\/v2\/posts\/1049","targetHints":{"allow":["GET"]}}],"collection":[{"href":"https:\/\/adwokatura.krakow.pl\/adwokaci-i-aplikanci\/wp-json\/wp\/v2\/posts"}],"about":[{"href":"https:\/\/adwokatura.krakow.pl\/adwokaci-i-aplikanci\/wp-json\/wp\/v2\/types\/post"}],"author":[{"embeddable":true,"href":"https:\/\/adwokatura.krakow.pl\/adwokaci-i-aplikanci\/wp-json\/wp\/v2\/users\/1"}],"replies":[{"embeddable":true,"href":"https:\/\/adwokatura.krakow.pl\/adwokaci-i-aplikanci\/wp-json\/wp\/v2\/comments?post=1049"}],"version-history":[{"count":1,"href":"https:\/\/adwokatura.krakow.pl\/adwokaci-i-aplikanci\/wp-json\/wp\/v2\/posts\/1049\/revisions"}],"predecessor-version":[{"id":1050,"href":"https:\/\/adwokatura.krakow.pl\/adwokaci-i-aplikanci\/wp-json\/wp\/v2\/posts\/1049\/revisions\/1050"}],"wp:attachment":[{"href":"https:\/\/adwokatura.krakow.pl\/adwokaci-i-aplikanci\/wp-json\/wp\/v2\/media?parent=1049"}],"wp:term":[{"taxonomy":"category","embeddable":true,"href":"https:\/\/adwokatura.krakow.pl\/adwokaci-i-aplikanci\/wp-json\/wp\/v2\/categories?post=1049"},{"taxonomy":"post_tag","embeddable":true,"href":"https:\/\/adwokatura.krakow.pl\/adwokaci-i-aplikanci\/wp-json\/wp\/v2\/tags?post=1049"}],"curies":[{"name":"wp","href":"https:\/\/api.w.org\/{rel}","templated":true}]}}