{"id":1053,"date":"2017-10-31T09:06:00","date_gmt":"2017-10-31T08:06:00","guid":{"rendered":"http:\/\/adwokatura.krakow.pl\/adwokaci-i-aplikanci\/?p=1053"},"modified":"2023-12-14T09:08:06","modified_gmt":"2023-12-14T08:08:06","slug":"gutowski-i-kardas-na-pytania-o-reprywatyzacje-odpowiedzi-nalezy-szukac-w-wartosciach-konstytucyjnych-2","status":"publish","type":"post","link":"https:\/\/adwokatura.krakow.pl\/adwokaci-i-aplikanci\/gutowski-i-kardas-na-pytania-o-reprywatyzacje-odpowiedzi-nalezy-szukac-w-wartosciach-konstytucyjnych-2\/","title":{"rendered":"GUTOWSKI I KARDAS: NA PYTANIA O REPRYWATYZACJ\u0118 ODPOWIEDZI NALE\u017bY SZUKA\u0106 W WARTO\u015aCIACH KONSTYTUCYJNYCH"},"content":{"rendered":"\n<p>W&nbsp; stosunkowo nied\u0142ugim czasie termin \u201ereprywatyzacja\u201d nabra\u0142 podejrzanego moralnie znaczenia. Si\u0142a zastrze\u017ce\u0144 zwi\u0105zanych z&nbsp;reprywatyzacyjn\u0105 praktyk\u0105 okaza\u0142a si\u0119 tak pot\u0119\u017cna, \u017ce w&nbsp;debacie publicznej zakwestionowana zosta\u0142a zasadno\u015b\u0107 samej instytucji. Naros\u0142e wok\u00f3\u0142 proces\u00f3w reprywatyzacyjnych w\u0105tpliwo\u015bci moralne, spo\u0142eczne, prawne i&nbsp;polityczne spowodowa\u0142y swoiste odchylenie wahad\u0142a w&nbsp;drug\u0105 stron\u0119.<\/p>\n\n\n\n<p>Gazeta Prawna, 31 pa\u017adziernika 2017 roku<\/p>\n\n\n\n<p><a href=\"https:\/\/adwokatura.krakow.pl\/data\/domains\/1\/pl\/filemanager_files\/artykuy\/prawo_gazetaprawna_pl_2017_10_31_gutowski_i_kardas-na_pytania_o_reprywatyzacje_odpowiedzi_nalezy.pdf\">Ca\u0142y artyku\u0142<\/a><\/p>\n","protected":false},"excerpt":{"rendered":"<p>W&nbsp; stosunkowo nied\u0142ugim czasie termin \u201ereprywatyzacja\u201d nabra\u0142 podejrzanego moralnie znaczenia. Si\u0142a zastrze\u017ce\u0144 zwi\u0105zanych z&nbsp;reprywatyzacyjn\u0105 praktyk\u0105 okaza\u0142a si\u0119 tak pot\u0119\u017cna, \u017ce w&nbsp;debacie publicznej zakwestionowana zosta\u0142a zasadno\u015b\u0107 samej instytucji. Naros\u0142e wok\u00f3\u0142 proces\u00f3w reprywatyzacyjnych w\u0105tpliwo\u015bci moralne, spo\u0142eczne, prawne i&nbsp;polityczne spowodowa\u0142y swoiste odchylenie wahad\u0142a w&nbsp;drug\u0105 stron\u0119. Gazeta Prawna, 31 pa\u017adziernika 2017 roku Ca\u0142y artyku\u0142<\/p>\n","protected":false},"author":1,"featured_media":0,"comment_status":"open","ping_status":"open","sticky":false,"template":"","format":"standard","meta":{"_acf_changed":false,"inline_featured_image":false,"footnotes":""},"categories":[6],"tags":[],"class_list":["post-1053","post","type-post","status-publish","format-standard","hentry","category-artykuly"],"acf":[],"_links":{"self":[{"href":"https:\/\/adwokatura.krakow.pl\/adwokaci-i-aplikanci\/wp-json\/wp\/v2\/posts\/1053","targetHints":{"allow":["GET"]}}],"collection":[{"href":"https:\/\/adwokatura.krakow.pl\/adwokaci-i-aplikanci\/wp-json\/wp\/v2\/posts"}],"about":[{"href":"https:\/\/adwokatura.krakow.pl\/adwokaci-i-aplikanci\/wp-json\/wp\/v2\/types\/post"}],"author":[{"embeddable":true,"href":"https:\/\/adwokatura.krakow.pl\/adwokaci-i-aplikanci\/wp-json\/wp\/v2\/users\/1"}],"replies":[{"embeddable":true,"href":"https:\/\/adwokatura.krakow.pl\/adwokaci-i-aplikanci\/wp-json\/wp\/v2\/comments?post=1053"}],"version-history":[{"count":1,"href":"https:\/\/adwokatura.krakow.pl\/adwokaci-i-aplikanci\/wp-json\/wp\/v2\/posts\/1053\/revisions"}],"predecessor-version":[{"id":1054,"href":"https:\/\/adwokatura.krakow.pl\/adwokaci-i-aplikanci\/wp-json\/wp\/v2\/posts\/1053\/revisions\/1054"}],"wp:attachment":[{"href":"https:\/\/adwokatura.krakow.pl\/adwokaci-i-aplikanci\/wp-json\/wp\/v2\/media?parent=1053"}],"wp:term":[{"taxonomy":"category","embeddable":true,"href":"https:\/\/adwokatura.krakow.pl\/adwokaci-i-aplikanci\/wp-json\/wp\/v2\/categories?post=1053"},{"taxonomy":"post_tag","embeddable":true,"href":"https:\/\/adwokatura.krakow.pl\/adwokaci-i-aplikanci\/wp-json\/wp\/v2\/tags?post=1053"}],"curies":[{"name":"wp","href":"https:\/\/api.w.org\/{rel}","templated":true}]}}