{"id":1057,"date":"2017-09-29T09:09:00","date_gmt":"2017-09-29T07:09:00","guid":{"rendered":"http:\/\/adwokatura.krakow.pl\/adwokaci-i-aplikanci\/?p=1057"},"modified":"2023-12-14T09:09:43","modified_gmt":"2023-12-14T08:09:43","slug":"krakowscy-adwokaci-swietuja-jubileusz-155-lecia-istnienia-ich-samorzadu","status":"publish","type":"post","link":"https:\/\/adwokatura.krakow.pl\/adwokaci-i-aplikanci\/krakowscy-adwokaci-swietuja-jubileusz-155-lecia-istnienia-ich-samorzadu\/","title":{"rendered":"KRAKOWSCY ADWOKACI \u015aWI\u0118TUJ\u0104 JUBILEUSZ 155-LECIA ISTNIENIA ICH SAMORZ\u0104DU"},"content":{"rendered":"\n<p>Samorz\u0105d adwokacki w Krakowie obchodzi w tym roku Jubileusz 155 lecia swojego istnienia. W grudniu 1862 roku&nbsp; powo\u0142ania zosta\u0142a i wybra\u0142a swoje w\u0142adze Krakowska Izba Adwokacka., kt\u00f3ra jest obecnie najstarsz\u0105, nieprzerwanie dzia\u0142aj\u0105c\u0105 Izb\u0105 Adwokack\u0105 w Polsce. Pierwszym Prezydentem Izby wybrany zosta\u0142 adwokat Miko\u0142aj Zyblikiewicz, p\u00f3\u017aniejszy Prezydent Krakowa i Marsza\u0142ek Galicji. Obecnie Krakowska Izba zrzesza ponad dwa tysi\u0105ce adwokat\u00f3w i aplikant\u00f3w adwokackich.<\/p>\n\n\n\n<p>RMF FM 29 wrze\u015bnia 2017 roku<\/p>\n\n\n\n<p>Ca\u0142y artyku\u0142:<\/p>\n\n\n\n<p><a href=\"http:\/\/www.rmf24.pl\/fakty\/polska\/news-krakowscy-adwokaci-swietuja-jubileusz-155-lecia-istnienia-ic,nId,2446553\">http:\/\/www.rmf24.pl\/fakty\/polska\/news-krakowscy-adwokaci-swietuja-jubileusz-155-lecia-istnienia-ic,nId,2446553<\/a><\/p>\n\n\n\n<p><a href=\"https:\/\/adwokatura.krakow.pl\/data\/domains\/1\/pl\/filemanager_files\/artykuy\/radio_rmf_fm-2017_09_29_16_30_27-wiadomosci.wav\">Zapowied\u017a wydarzenia w wiadomo\u015bciach RMF FM<\/a><\/p>\n","protected":false},"excerpt":{"rendered":"<p>Samorz\u0105d adwokacki w Krakowie obchodzi w tym roku Jubileusz 155 lecia swojego istnienia. W grudniu 1862 roku&nbsp; powo\u0142ania zosta\u0142a i wybra\u0142a swoje w\u0142adze Krakowska Izba Adwokacka., kt\u00f3ra jest obecnie najstarsz\u0105, nieprzerwanie dzia\u0142aj\u0105c\u0105 Izb\u0105 Adwokack\u0105 w Polsce. Pierwszym Prezydentem Izby wybrany zosta\u0142 adwokat Miko\u0142aj Zyblikiewicz, p\u00f3\u017aniejszy Prezydent Krakowa i Marsza\u0142ek Galicji. Obecnie Krakowska Izba zrzesza ponad [&hellip;]<\/p>\n","protected":false},"author":1,"featured_media":0,"comment_status":"open","ping_status":"open","sticky":false,"template":"","format":"standard","meta":{"_acf_changed":false,"inline_featured_image":false,"footnotes":""},"categories":[6],"tags":[],"class_list":["post-1057","post","type-post","status-publish","format-standard","hentry","category-artykuly"],"acf":[],"_links":{"self":[{"href":"https:\/\/adwokatura.krakow.pl\/adwokaci-i-aplikanci\/wp-json\/wp\/v2\/posts\/1057","targetHints":{"allow":["GET"]}}],"collection":[{"href":"https:\/\/adwokatura.krakow.pl\/adwokaci-i-aplikanci\/wp-json\/wp\/v2\/posts"}],"about":[{"href":"https:\/\/adwokatura.krakow.pl\/adwokaci-i-aplikanci\/wp-json\/wp\/v2\/types\/post"}],"author":[{"embeddable":true,"href":"https:\/\/adwokatura.krakow.pl\/adwokaci-i-aplikanci\/wp-json\/wp\/v2\/users\/1"}],"replies":[{"embeddable":true,"href":"https:\/\/adwokatura.krakow.pl\/adwokaci-i-aplikanci\/wp-json\/wp\/v2\/comments?post=1057"}],"version-history":[{"count":1,"href":"https:\/\/adwokatura.krakow.pl\/adwokaci-i-aplikanci\/wp-json\/wp\/v2\/posts\/1057\/revisions"}],"predecessor-version":[{"id":1058,"href":"https:\/\/adwokatura.krakow.pl\/adwokaci-i-aplikanci\/wp-json\/wp\/v2\/posts\/1057\/revisions\/1058"}],"wp:attachment":[{"href":"https:\/\/adwokatura.krakow.pl\/adwokaci-i-aplikanci\/wp-json\/wp\/v2\/media?parent=1057"}],"wp:term":[{"taxonomy":"category","embeddable":true,"href":"https:\/\/adwokatura.krakow.pl\/adwokaci-i-aplikanci\/wp-json\/wp\/v2\/categories?post=1057"},{"taxonomy":"post_tag","embeddable":true,"href":"https:\/\/adwokatura.krakow.pl\/adwokaci-i-aplikanci\/wp-json\/wp\/v2\/tags?post=1057"}],"curies":[{"name":"wp","href":"https:\/\/api.w.org\/{rel}","templated":true}]}}