{"id":1059,"date":"2017-10-08T09:09:00","date_gmt":"2017-10-08T07:09:00","guid":{"rendered":"http:\/\/adwokatura.krakow.pl\/adwokaci-i-aplikanci\/?p=1059"},"modified":"2023-12-14T09:10:28","modified_gmt":"2023-12-14T08:10:28","slug":"gdy-polityka-wypycha-sprawiedliwosc","status":"publish","type":"post","link":"https:\/\/adwokatura.krakow.pl\/adwokaci-i-aplikanci\/gdy-polityka-wypycha-sprawiedliwosc\/","title":{"rendered":"GDY POLITYKA WYPYCHA SPRAWIEDLIWO\u015a\u0106"},"content":{"rendered":"\n<p>S\u0119dziowie s\u0105 przeci\u0105\u017ceni, procedury zbyt formalistyczne. Proponowane ustawy nie&nbsp;rozwi\u0105\u017c\u0105 problem\u00f3w Polak\u00f3w \u2013&nbsp;uwa\u017ca Pawe\u0142 Gieras, dziekan Okr\u0119gowej Rady Adwokackiej w&nbsp;Krakowie.<\/p>\n\n\n\n<p>Dlaczego reformy wymiaru sprawiedliwo\u015bci wzbudzaj\u0105 takie emocje? W&nbsp;zasadzie jest zgoda, \u017ce&nbsp;nie funkcjonuje on tak, jak powinien?<\/p>\n\n\n\n<p>Z tego, \u017ce&nbsp;wymiar sprawiedliwo\u015bci trzeba zreformowa\u0107, wszyscy zdaj\u0105 sobie spraw\u0119. Szczeg\u00f3lnie my, adwokaci, kt\u00f3rzy na&nbsp;co dzie\u0144 mamy z&nbsp;nim do&nbsp;czynienia. Reforma jest konieczna. Kontrowersje budzi, jak to&nbsp;zrobi\u0107. Mamy propozycje partii rz\u0105dz\u0105cej, kt\u00f3rej na&nbsp;plus trzeba zapisa\u0107, \u017ce&nbsp;pr\u00f3buje reformowa\u0107.<\/p>\n\n\n\n<p>Wprost, 8 pa\u017adziernika 2017 r.<\/p>\n\n\n\n<p><a href=\"https:\/\/www.wprost.pl\/tygodnik\/10079812\/Gdy-polityka-wypycha-sprawiedliwosc.html\">Ca\u0142y artyku\u0142<\/a><\/p>\n","protected":false},"excerpt":{"rendered":"<p>S\u0119dziowie s\u0105 przeci\u0105\u017ceni, procedury zbyt formalistyczne. Proponowane ustawy nie&nbsp;rozwi\u0105\u017c\u0105 problem\u00f3w Polak\u00f3w \u2013&nbsp;uwa\u017ca Pawe\u0142 Gieras, dziekan Okr\u0119gowej Rady Adwokackiej w&nbsp;Krakowie. Dlaczego reformy wymiaru sprawiedliwo\u015bci wzbudzaj\u0105 takie emocje? W&nbsp;zasadzie jest zgoda, \u017ce&nbsp;nie funkcjonuje on tak, jak powinien? Z tego, \u017ce&nbsp;wymiar sprawiedliwo\u015bci trzeba zreformowa\u0107, wszyscy zdaj\u0105 sobie spraw\u0119. Szczeg\u00f3lnie my, adwokaci, kt\u00f3rzy na&nbsp;co dzie\u0144 mamy z&nbsp;nim do&nbsp;czynienia. Reforma [&hellip;]<\/p>\n","protected":false},"author":1,"featured_media":0,"comment_status":"open","ping_status":"open","sticky":false,"template":"","format":"standard","meta":{"_acf_changed":false,"inline_featured_image":false,"footnotes":""},"categories":[6],"tags":[],"class_list":["post-1059","post","type-post","status-publish","format-standard","hentry","category-artykuly"],"acf":[],"_links":{"self":[{"href":"https:\/\/adwokatura.krakow.pl\/adwokaci-i-aplikanci\/wp-json\/wp\/v2\/posts\/1059","targetHints":{"allow":["GET"]}}],"collection":[{"href":"https:\/\/adwokatura.krakow.pl\/adwokaci-i-aplikanci\/wp-json\/wp\/v2\/posts"}],"about":[{"href":"https:\/\/adwokatura.krakow.pl\/adwokaci-i-aplikanci\/wp-json\/wp\/v2\/types\/post"}],"author":[{"embeddable":true,"href":"https:\/\/adwokatura.krakow.pl\/adwokaci-i-aplikanci\/wp-json\/wp\/v2\/users\/1"}],"replies":[{"embeddable":true,"href":"https:\/\/adwokatura.krakow.pl\/adwokaci-i-aplikanci\/wp-json\/wp\/v2\/comments?post=1059"}],"version-history":[{"count":1,"href":"https:\/\/adwokatura.krakow.pl\/adwokaci-i-aplikanci\/wp-json\/wp\/v2\/posts\/1059\/revisions"}],"predecessor-version":[{"id":1060,"href":"https:\/\/adwokatura.krakow.pl\/adwokaci-i-aplikanci\/wp-json\/wp\/v2\/posts\/1059\/revisions\/1060"}],"wp:attachment":[{"href":"https:\/\/adwokatura.krakow.pl\/adwokaci-i-aplikanci\/wp-json\/wp\/v2\/media?parent=1059"}],"wp:term":[{"taxonomy":"category","embeddable":true,"href":"https:\/\/adwokatura.krakow.pl\/adwokaci-i-aplikanci\/wp-json\/wp\/v2\/categories?post=1059"},{"taxonomy":"post_tag","embeddable":true,"href":"https:\/\/adwokatura.krakow.pl\/adwokaci-i-aplikanci\/wp-json\/wp\/v2\/tags?post=1059"}],"curies":[{"name":"wp","href":"https:\/\/api.w.org\/{rel}","templated":true}]}}