{"id":1061,"date":"2017-10-08T09:10:00","date_gmt":"2017-10-08T07:10:00","guid":{"rendered":"http:\/\/adwokatura.krakow.pl\/adwokaci-i-aplikanci\/?p=1061"},"modified":"2023-12-14T09:11:03","modified_gmt":"2023-12-14T08:11:03","slug":"ograniczenie-tajemnicy-zawodowej-adwokatow","status":"publish","type":"post","link":"https:\/\/adwokatura.krakow.pl\/adwokaci-i-aplikanci\/ograniczenie-tajemnicy-zawodowej-adwokatow\/","title":{"rendered":"OGRANICZENIE TAJEMNICY ZAWODOWEJ ADWOKAT\u00d3W"},"content":{"rendered":"\n<p>\u2013 Tajemnica adwokacka to podstawa wykonywania zawodu adwokata. Jej bezwzgl\u0119dny charakter ma znaczenie dla funkcjonowania adwokat\u00f3w na rynku. Klienci powierzaj\u0105 nam swoje tajemnice i dop\u00f3ki strze\u017cone s\u0105 one przed mo\u017cliwo\u015bci\u0105 ujawniania, mog\u0105 si\u0119 czu\u0107 bezpiecznie. My za\u015b dzi\u0119ki tajemnicy mo\u017cemy profesjonalnie i odpowiedzialnie ich reprezentowa\u0107 \u2013&nbsp;<strong>wskazuje Pawe\u0142 Gieras, dziekan Okr\u0119gowej Rady Adwokackiej w Krakowie.<\/strong><\/p>\n\n\n\n<p>Rzeczpospolita, 8 pa\u017adziernika 2017r.<\/p>\n\n\n\n<p><a href=\"https:\/\/adwokatura.krakow.pl\/data\/domains\/1\/pl\/filemanager_files\/Jubileusz%20KIA\/rzeczpospolita_c_2017_10_09_zagrozone_sekrety_kancelaryjnych_klientow-pdf.pdf\">Ca\u0142y artyku\u0142<\/a><\/p>\n","protected":false},"excerpt":{"rendered":"<p>\u2013 Tajemnica adwokacka to podstawa wykonywania zawodu adwokata. Jej bezwzgl\u0119dny charakter ma znaczenie dla funkcjonowania adwokat\u00f3w na rynku. Klienci powierzaj\u0105 nam swoje tajemnice i dop\u00f3ki strze\u017cone s\u0105 one przed mo\u017cliwo\u015bci\u0105 ujawniania, mog\u0105 si\u0119 czu\u0107 bezpiecznie. My za\u015b dzi\u0119ki tajemnicy mo\u017cemy profesjonalnie i odpowiedzialnie ich reprezentowa\u0107 \u2013&nbsp;wskazuje Pawe\u0142 Gieras, dziekan Okr\u0119gowej Rady Adwokackiej w Krakowie. Rzeczpospolita, [&hellip;]<\/p>\n","protected":false},"author":1,"featured_media":0,"comment_status":"open","ping_status":"open","sticky":false,"template":"","format":"standard","meta":{"_acf_changed":false,"inline_featured_image":false,"footnotes":""},"categories":[6],"tags":[],"class_list":["post-1061","post","type-post","status-publish","format-standard","hentry","category-artykuly"],"acf":[],"_links":{"self":[{"href":"https:\/\/adwokatura.krakow.pl\/adwokaci-i-aplikanci\/wp-json\/wp\/v2\/posts\/1061","targetHints":{"allow":["GET"]}}],"collection":[{"href":"https:\/\/adwokatura.krakow.pl\/adwokaci-i-aplikanci\/wp-json\/wp\/v2\/posts"}],"about":[{"href":"https:\/\/adwokatura.krakow.pl\/adwokaci-i-aplikanci\/wp-json\/wp\/v2\/types\/post"}],"author":[{"embeddable":true,"href":"https:\/\/adwokatura.krakow.pl\/adwokaci-i-aplikanci\/wp-json\/wp\/v2\/users\/1"}],"replies":[{"embeddable":true,"href":"https:\/\/adwokatura.krakow.pl\/adwokaci-i-aplikanci\/wp-json\/wp\/v2\/comments?post=1061"}],"version-history":[{"count":1,"href":"https:\/\/adwokatura.krakow.pl\/adwokaci-i-aplikanci\/wp-json\/wp\/v2\/posts\/1061\/revisions"}],"predecessor-version":[{"id":1062,"href":"https:\/\/adwokatura.krakow.pl\/adwokaci-i-aplikanci\/wp-json\/wp\/v2\/posts\/1061\/revisions\/1062"}],"wp:attachment":[{"href":"https:\/\/adwokatura.krakow.pl\/adwokaci-i-aplikanci\/wp-json\/wp\/v2\/media?parent=1061"}],"wp:term":[{"taxonomy":"category","embeddable":true,"href":"https:\/\/adwokatura.krakow.pl\/adwokaci-i-aplikanci\/wp-json\/wp\/v2\/categories?post=1061"},{"taxonomy":"post_tag","embeddable":true,"href":"https:\/\/adwokatura.krakow.pl\/adwokaci-i-aplikanci\/wp-json\/wp\/v2\/tags?post=1061"}],"curies":[{"name":"wp","href":"https:\/\/api.w.org\/{rel}","templated":true}]}}