{"id":1063,"date":"2017-10-24T09:11:00","date_gmt":"2017-10-24T07:11:00","guid":{"rendered":"http:\/\/adwokatura.krakow.pl\/adwokaci-i-aplikanci\/?p=1063"},"modified":"2023-12-14T09:11:43","modified_gmt":"2023-12-14T08:11:43","slug":"prezydenckie-projekty-o-sn-i-krs-nie-naprawia-sadownictwa","status":"publish","type":"post","link":"https:\/\/adwokatura.krakow.pl\/adwokaci-i-aplikanci\/prezydenckie-projekty-o-sn-i-krs-nie-naprawia-sadownictwa\/","title":{"rendered":"PREZYDENCKIE PROJEKTY O SN I KRS NIE NAPRAWI\u0104 S\u0104DOWNICTWA"},"content":{"rendered":"\n<p>W\u015br\u00f3d r\u00f3\u017cnorakich bol\u0105czek i niedomaga\u0144 wymiaru sprawiedliwo\u015bci kwestie ustrojowe oraz zasady doboru s\u0119dzi\u00f3w zdaj\u0105 si\u0119 odgrywa\u0107 najmniejsz\u0105 rol\u0119. Tymczasem od kilku miesi\u0119cy jeste\u015bmy \u015bwiadkami publicznego sporu o koncepcj\u0119 sanacji s\u0105downictwa, ograniczaj\u0105cej si\u0119 do personali\u00f3w, struktury s\u0105downictwa oraz szczeg\u00f3lnych regulacji odpowiedzialno\u015bci dyscyplinarnej s\u0119dzi\u00f3w.<\/p>\n\n\n\n<p>Rzeczpospolita, 24 pa\u017adziernika 2017r.<\/p>\n\n\n\n<p><a href=\"https:\/\/adwokatura.krakow.pl\/data\/domains\/1\/pl\/filemanager_files\/artykuy\/rzeczpospolita_c_2017_10_24_prezydenckie_projekty_nie_naprawia_sadownictwa_pdf.pdf\">Ca\u0142y artyku\u0142<\/a><\/p>\n","protected":false},"excerpt":{"rendered":"<p>W\u015br\u00f3d r\u00f3\u017cnorakich bol\u0105czek i niedomaga\u0144 wymiaru sprawiedliwo\u015bci kwestie ustrojowe oraz zasady doboru s\u0119dzi\u00f3w zdaj\u0105 si\u0119 odgrywa\u0107 najmniejsz\u0105 rol\u0119. Tymczasem od kilku miesi\u0119cy jeste\u015bmy \u015bwiadkami publicznego sporu o koncepcj\u0119 sanacji s\u0105downictwa, ograniczaj\u0105cej si\u0119 do personali\u00f3w, struktury s\u0105downictwa oraz szczeg\u00f3lnych regulacji odpowiedzialno\u015bci dyscyplinarnej s\u0119dzi\u00f3w. Rzeczpospolita, 24 pa\u017adziernika 2017r. Ca\u0142y artyku\u0142<\/p>\n","protected":false},"author":1,"featured_media":0,"comment_status":"open","ping_status":"open","sticky":false,"template":"","format":"standard","meta":{"_acf_changed":false,"inline_featured_image":false,"footnotes":""},"categories":[6],"tags":[],"class_list":["post-1063","post","type-post","status-publish","format-standard","hentry","category-artykuly"],"acf":[],"_links":{"self":[{"href":"https:\/\/adwokatura.krakow.pl\/adwokaci-i-aplikanci\/wp-json\/wp\/v2\/posts\/1063","targetHints":{"allow":["GET"]}}],"collection":[{"href":"https:\/\/adwokatura.krakow.pl\/adwokaci-i-aplikanci\/wp-json\/wp\/v2\/posts"}],"about":[{"href":"https:\/\/adwokatura.krakow.pl\/adwokaci-i-aplikanci\/wp-json\/wp\/v2\/types\/post"}],"author":[{"embeddable":true,"href":"https:\/\/adwokatura.krakow.pl\/adwokaci-i-aplikanci\/wp-json\/wp\/v2\/users\/1"}],"replies":[{"embeddable":true,"href":"https:\/\/adwokatura.krakow.pl\/adwokaci-i-aplikanci\/wp-json\/wp\/v2\/comments?post=1063"}],"version-history":[{"count":1,"href":"https:\/\/adwokatura.krakow.pl\/adwokaci-i-aplikanci\/wp-json\/wp\/v2\/posts\/1063\/revisions"}],"predecessor-version":[{"id":1064,"href":"https:\/\/adwokatura.krakow.pl\/adwokaci-i-aplikanci\/wp-json\/wp\/v2\/posts\/1063\/revisions\/1064"}],"wp:attachment":[{"href":"https:\/\/adwokatura.krakow.pl\/adwokaci-i-aplikanci\/wp-json\/wp\/v2\/media?parent=1063"}],"wp:term":[{"taxonomy":"category","embeddable":true,"href":"https:\/\/adwokatura.krakow.pl\/adwokaci-i-aplikanci\/wp-json\/wp\/v2\/categories?post=1063"},{"taxonomy":"post_tag","embeddable":true,"href":"https:\/\/adwokatura.krakow.pl\/adwokaci-i-aplikanci\/wp-json\/wp\/v2\/tags?post=1063"}],"curies":[{"name":"wp","href":"https:\/\/api.w.org\/{rel}","templated":true}]}}