{"id":1065,"date":"2017-10-06T09:11:00","date_gmt":"2017-10-06T07:11:00","guid":{"rendered":"http:\/\/adwokatura.krakow.pl\/adwokaci-i-aplikanci\/?p=1065"},"modified":"2023-12-14T09:12:23","modified_gmt":"2023-12-14T08:12:23","slug":"to-trudny-zawod-ale-daje-wolnosc-krakowscy-adwokaci-swietuja-155-lat-samorzadu","status":"publish","type":"post","link":"https:\/\/adwokatura.krakow.pl\/adwokaci-i-aplikanci\/to-trudny-zawod-ale-daje-wolnosc-krakowscy-adwokaci-swietuja-155-lat-samorzadu\/","title":{"rendered":"&#8222;TO TRUDNY ZAW\u00d3D, ALE DAJE WOLNO\u015a\u0106&#8221;. KRAKOWSCY ADWOKACI \u015aWI\u0118TUJ\u0104 155 LAT SAMORZ\u0104DU"},"content":{"rendered":"\n<p>\u201eLudzie powierzaj\u0105 nam czasami swoje najwi\u0119ksze problemy, jakie ich w \u017cyciu dotykaj\u0105. A my musimy im w spos\u00f3b odpowiedzialny i profesjonalny pom\u00f3c w rozwi\u0105zywaniu tych problem\u00f3w\u201d \u2013&nbsp;<strong>m\u00f3wi adwokat Pawe\u0142 Gieras<\/strong>, dziekan Krakowskiej Izby adwokackiej, kt\u00f3ra w\u0142a\u015bnie obchodzi 155-lecie istnienia. Jak dodaje w rozmowie z RMF FM, zaw\u00f3d adwokata jest trudnym zawodem, ale daje wolno\u015b\u0107 i niezale\u017cno\u015b\u0107.<\/p>\n\n\n\n<p>RMF 24, 6 pa\u017adziernika 2017 r.<\/p>\n\n\n\n<p><a href=\"http:\/\/www.rmf24.pl\/fakty\/polska\/news-to-trudny-zawod-ale-daje-wolnosc-krakowscy-adwokaci-swietuja,nId,2448637\">Ca\u0142y artyku\u0142<\/a><\/p>\n","protected":false},"excerpt":{"rendered":"<p>\u201eLudzie powierzaj\u0105 nam czasami swoje najwi\u0119ksze problemy, jakie ich w \u017cyciu dotykaj\u0105. A my musimy im w spos\u00f3b odpowiedzialny i profesjonalny pom\u00f3c w rozwi\u0105zywaniu tych problem\u00f3w\u201d \u2013&nbsp;m\u00f3wi adwokat Pawe\u0142 Gieras, dziekan Krakowskiej Izby adwokackiej, kt\u00f3ra w\u0142a\u015bnie obchodzi 155-lecie istnienia. Jak dodaje w rozmowie z RMF FM, zaw\u00f3d adwokata jest trudnym zawodem, ale daje wolno\u015b\u0107 i [&hellip;]<\/p>\n","protected":false},"author":1,"featured_media":0,"comment_status":"open","ping_status":"open","sticky":false,"template":"","format":"standard","meta":{"_acf_changed":false,"inline_featured_image":false,"footnotes":""},"categories":[6],"tags":[],"class_list":["post-1065","post","type-post","status-publish","format-standard","hentry","category-artykuly"],"acf":[],"_links":{"self":[{"href":"https:\/\/adwokatura.krakow.pl\/adwokaci-i-aplikanci\/wp-json\/wp\/v2\/posts\/1065","targetHints":{"allow":["GET"]}}],"collection":[{"href":"https:\/\/adwokatura.krakow.pl\/adwokaci-i-aplikanci\/wp-json\/wp\/v2\/posts"}],"about":[{"href":"https:\/\/adwokatura.krakow.pl\/adwokaci-i-aplikanci\/wp-json\/wp\/v2\/types\/post"}],"author":[{"embeddable":true,"href":"https:\/\/adwokatura.krakow.pl\/adwokaci-i-aplikanci\/wp-json\/wp\/v2\/users\/1"}],"replies":[{"embeddable":true,"href":"https:\/\/adwokatura.krakow.pl\/adwokaci-i-aplikanci\/wp-json\/wp\/v2\/comments?post=1065"}],"version-history":[{"count":1,"href":"https:\/\/adwokatura.krakow.pl\/adwokaci-i-aplikanci\/wp-json\/wp\/v2\/posts\/1065\/revisions"}],"predecessor-version":[{"id":1066,"href":"https:\/\/adwokatura.krakow.pl\/adwokaci-i-aplikanci\/wp-json\/wp\/v2\/posts\/1065\/revisions\/1066"}],"wp:attachment":[{"href":"https:\/\/adwokatura.krakow.pl\/adwokaci-i-aplikanci\/wp-json\/wp\/v2\/media?parent=1065"}],"wp:term":[{"taxonomy":"category","embeddable":true,"href":"https:\/\/adwokatura.krakow.pl\/adwokaci-i-aplikanci\/wp-json\/wp\/v2\/categories?post=1065"},{"taxonomy":"post_tag","embeddable":true,"href":"https:\/\/adwokatura.krakow.pl\/adwokaci-i-aplikanci\/wp-json\/wp\/v2\/tags?post=1065"}],"curies":[{"name":"wp","href":"https:\/\/api.w.org\/{rel}","templated":true}]}}