{"id":1067,"date":"2017-10-04T09:12:00","date_gmt":"2017-10-04T07:12:00","guid":{"rendered":"http:\/\/adwokatura.krakow.pl\/adwokaci-i-aplikanci\/?p=1067"},"modified":"2023-12-14T09:13:01","modified_gmt":"2023-12-14T08:13:01","slug":"155-lat-krakowskiej-adwokatury","status":"publish","type":"post","link":"https:\/\/adwokatura.krakow.pl\/adwokaci-i-aplikanci\/155-lat-krakowskiej-adwokatury\/","title":{"rendered":"155 LAT KRAKOWSKIEJ ADWOKATURY"},"content":{"rendered":"\n<p>W grudniu 1862 roku&nbsp; powo\u0142ania zosta\u0142a i wybra\u0142a swoje w\u0142adze Krakowska Izba Adwokacka., kt\u00f3ra jest obecnie najstarsz\u0105, nieprzerwanie dzia\u0142aj\u0105c\u0105 Izb\u0105 Adwokack\u0105 w Polsce. Pierwszym Prezydentem Izby wybrany zosta\u0142 adwokat Miko\u0142aj Zyblikiewicz, p\u00f3\u017aniejszy Prezydent Krakowa i Marsza\u0142ek Galicji. Obecnie Krakowska Izba zrzesza ponad dwa tysi\u0105ce adwokat\u00f3w i aplikant\u00f3w adwokackich.<\/p>\n\n\n\n<p>Tygodnik Powszechny, 4 pa\u017adziernika 2017 r.<\/p>\n\n\n\n<p><a href=\"https:\/\/adwokatura.krakow.pl\/data\/domains\/1\/pl\/filemanager_files\/Jubileusz%20KIA\/tygodnik_powszechny_2017_10_08_155_lat_krakowskiej_adwokatury-pdf.pdf\">Ca\u0142y artyku\u0142<\/a><\/p>\n","protected":false},"excerpt":{"rendered":"<p>W grudniu 1862 roku&nbsp; powo\u0142ania zosta\u0142a i wybra\u0142a swoje w\u0142adze Krakowska Izba Adwokacka., kt\u00f3ra jest obecnie najstarsz\u0105, nieprzerwanie dzia\u0142aj\u0105c\u0105 Izb\u0105 Adwokack\u0105 w Polsce. Pierwszym Prezydentem Izby wybrany zosta\u0142 adwokat Miko\u0142aj Zyblikiewicz, p\u00f3\u017aniejszy Prezydent Krakowa i Marsza\u0142ek Galicji. Obecnie Krakowska Izba zrzesza ponad dwa tysi\u0105ce adwokat\u00f3w i aplikant\u00f3w adwokackich. Tygodnik Powszechny, 4 pa\u017adziernika 2017 r. Ca\u0142y [&hellip;]<\/p>\n","protected":false},"author":1,"featured_media":0,"comment_status":"open","ping_status":"open","sticky":false,"template":"","format":"standard","meta":{"_acf_changed":false,"inline_featured_image":false,"footnotes":""},"categories":[6],"tags":[],"class_list":["post-1067","post","type-post","status-publish","format-standard","hentry","category-artykuly"],"acf":[],"_links":{"self":[{"href":"https:\/\/adwokatura.krakow.pl\/adwokaci-i-aplikanci\/wp-json\/wp\/v2\/posts\/1067","targetHints":{"allow":["GET"]}}],"collection":[{"href":"https:\/\/adwokatura.krakow.pl\/adwokaci-i-aplikanci\/wp-json\/wp\/v2\/posts"}],"about":[{"href":"https:\/\/adwokatura.krakow.pl\/adwokaci-i-aplikanci\/wp-json\/wp\/v2\/types\/post"}],"author":[{"embeddable":true,"href":"https:\/\/adwokatura.krakow.pl\/adwokaci-i-aplikanci\/wp-json\/wp\/v2\/users\/1"}],"replies":[{"embeddable":true,"href":"https:\/\/adwokatura.krakow.pl\/adwokaci-i-aplikanci\/wp-json\/wp\/v2\/comments?post=1067"}],"version-history":[{"count":1,"href":"https:\/\/adwokatura.krakow.pl\/adwokaci-i-aplikanci\/wp-json\/wp\/v2\/posts\/1067\/revisions"}],"predecessor-version":[{"id":1068,"href":"https:\/\/adwokatura.krakow.pl\/adwokaci-i-aplikanci\/wp-json\/wp\/v2\/posts\/1067\/revisions\/1068"}],"wp:attachment":[{"href":"https:\/\/adwokatura.krakow.pl\/adwokaci-i-aplikanci\/wp-json\/wp\/v2\/media?parent=1067"}],"wp:term":[{"taxonomy":"category","embeddable":true,"href":"https:\/\/adwokatura.krakow.pl\/adwokaci-i-aplikanci\/wp-json\/wp\/v2\/categories?post=1067"},{"taxonomy":"post_tag","embeddable":true,"href":"https:\/\/adwokatura.krakow.pl\/adwokaci-i-aplikanci\/wp-json\/wp\/v2\/tags?post=1067"}],"curies":[{"name":"wp","href":"https:\/\/api.w.org\/{rel}","templated":true}]}}