{"id":1071,"date":"2017-10-06T09:14:00","date_gmt":"2017-10-06T07:14:00","guid":{"rendered":"http:\/\/adwokatura.krakow.pl\/adwokaci-i-aplikanci\/?p=1071"},"modified":"2023-12-14T09:15:34","modified_gmt":"2023-12-14T08:15:34","slug":"krakowska-adwokatura-ma-juz-za-soba-155-lat","status":"publish","type":"post","link":"https:\/\/adwokatura.krakow.pl\/adwokaci-i-aplikanci\/krakowska-adwokatura-ma-juz-za-soba-155-lat\/","title":{"rendered":"KRAKOWSKA ADWOKATURA MA JU\u017b ZA SOB\u0104 155 LAT"},"content":{"rendered":"\n<p>W ramach uroczysto\u015bci dzi\u015b w w hotelu Holiday Inn przy ul. Wielopole 4 w Krakowie odb\u0119dzie si\u0119 mi\u0119dzynarodowa konferencja naukowa dotycz\u0105ca tajemnicy adwokackiej. W sobot\u0119 w Bazylice Franciszkan\u00f3w na pl. Wszystkich \u015awi\u0119tych 5 zostanie odprawiona msza \u015bwi\u0119ta w intencji adwokatury krakowskiej, a o godz. 12 w Filharmonii Krakowskiej odb\u0119dzie si\u0119 gala jubileuszowa. Z kolei wieczorem o godz. 20 adwokaci zapraszaj\u0105 na uroczysty bal w Muzeum Lotnictwa Polskiego.<\/p>\n\n\n\n<p>Dziennik Polski, 6 pa\u017adziernika 2017 r.<\/p>\n\n\n\n<p><a href=\"http:\/\/www.dziennikpolski24.pl\/aktualnosci\/a\/krakowska-adwokatura-ma-juz-za-soba-155-lat,12551950\/\">Czytaj wi\u0119cej: http:\/\/www.dziennikpolski24.pl\/aktualnosci\/a\/krakowska-adwokatura-ma-juz-za-soba-155-lat,12551950\/<\/a><\/p>\n","protected":false},"excerpt":{"rendered":"<p>W ramach uroczysto\u015bci dzi\u015b w w hotelu Holiday Inn przy ul. Wielopole 4 w Krakowie odb\u0119dzie si\u0119 mi\u0119dzynarodowa konferencja naukowa dotycz\u0105ca tajemnicy adwokackiej. W sobot\u0119 w Bazylice Franciszkan\u00f3w na pl. Wszystkich \u015awi\u0119tych 5 zostanie odprawiona msza \u015bwi\u0119ta w intencji adwokatury krakowskiej, a o godz. 12 w Filharmonii Krakowskiej odb\u0119dzie si\u0119 gala jubileuszowa. Z kolei wieczorem [&hellip;]<\/p>\n","protected":false},"author":1,"featured_media":0,"comment_status":"open","ping_status":"open","sticky":false,"template":"","format":"standard","meta":{"_acf_changed":false,"inline_featured_image":false,"footnotes":""},"categories":[6],"tags":[],"class_list":["post-1071","post","type-post","status-publish","format-standard","hentry","category-artykuly"],"acf":[],"_links":{"self":[{"href":"https:\/\/adwokatura.krakow.pl\/adwokaci-i-aplikanci\/wp-json\/wp\/v2\/posts\/1071","targetHints":{"allow":["GET"]}}],"collection":[{"href":"https:\/\/adwokatura.krakow.pl\/adwokaci-i-aplikanci\/wp-json\/wp\/v2\/posts"}],"about":[{"href":"https:\/\/adwokatura.krakow.pl\/adwokaci-i-aplikanci\/wp-json\/wp\/v2\/types\/post"}],"author":[{"embeddable":true,"href":"https:\/\/adwokatura.krakow.pl\/adwokaci-i-aplikanci\/wp-json\/wp\/v2\/users\/1"}],"replies":[{"embeddable":true,"href":"https:\/\/adwokatura.krakow.pl\/adwokaci-i-aplikanci\/wp-json\/wp\/v2\/comments?post=1071"}],"version-history":[{"count":1,"href":"https:\/\/adwokatura.krakow.pl\/adwokaci-i-aplikanci\/wp-json\/wp\/v2\/posts\/1071\/revisions"}],"predecessor-version":[{"id":1072,"href":"https:\/\/adwokatura.krakow.pl\/adwokaci-i-aplikanci\/wp-json\/wp\/v2\/posts\/1071\/revisions\/1072"}],"wp:attachment":[{"href":"https:\/\/adwokatura.krakow.pl\/adwokaci-i-aplikanci\/wp-json\/wp\/v2\/media?parent=1071"}],"wp:term":[{"taxonomy":"category","embeddable":true,"href":"https:\/\/adwokatura.krakow.pl\/adwokaci-i-aplikanci\/wp-json\/wp\/v2\/categories?post=1071"},{"taxonomy":"post_tag","embeddable":true,"href":"https:\/\/adwokatura.krakow.pl\/adwokaci-i-aplikanci\/wp-json\/wp\/v2\/tags?post=1071"}],"curies":[{"name":"wp","href":"https:\/\/api.w.org\/{rel}","templated":true}]}}