{"id":1073,"date":"2017-10-05T09:15:00","date_gmt":"2017-10-05T07:15:00","guid":{"rendered":"http:\/\/adwokatura.krakow.pl\/adwokaci-i-aplikanci\/?p=1073"},"modified":"2023-12-14T09:16:05","modified_gmt":"2023-12-14T08:16:05","slug":"jubileusz-krakowskiej-adwokatury-pod-patronatem-wprost","status":"publish","type":"post","link":"https:\/\/adwokatura.krakow.pl\/adwokaci-i-aplikanci\/jubileusz-krakowskiej-adwokatury-pod-patronatem-wprost\/","title":{"rendered":"JUBILEUSZ KRAKOWSKIEJ ADWOKATURY POD PATRONATEM \u201eWPROST\u201d"},"content":{"rendered":"\n<p>Samorz\u0105d adwokacki w&nbsp;Krakowie obchodzi w&nbsp;tym roku Jubileusz 155&nbsp;lecia swojego istnienia. W&nbsp;grudniu 1862&nbsp;roku powo\u0142ania zosta\u0142a i&nbsp;wybra\u0142a swoje w\u0142adze Krakowska Izba Adwokacka., kt\u00f3ra jest obecnie najstarsz\u0105, nieprzerwanie dzia\u0142aj\u0105c\u0105 Izb\u0105 Adwokack\u0105 w&nbsp;Polsce.<\/p>\n\n\n\n<p>Wprost, 5 pa\u017adziernika 2017 r.<\/p>\n\n\n\n<p><a href=\"https:\/\/www.wprost.pl\/kraj\/10079396\/Jubileusz-Krakowskiej-Adwokatury-pod-patronatem-Wprost.html\">Ca\u0142y artyku\u0142<\/a><\/p>\n","protected":false},"excerpt":{"rendered":"<p>Samorz\u0105d adwokacki w&nbsp;Krakowie obchodzi w&nbsp;tym roku Jubileusz 155&nbsp;lecia swojego istnienia. W&nbsp;grudniu 1862&nbsp;roku powo\u0142ania zosta\u0142a i&nbsp;wybra\u0142a swoje w\u0142adze Krakowska Izba Adwokacka., kt\u00f3ra jest obecnie najstarsz\u0105, nieprzerwanie dzia\u0142aj\u0105c\u0105 Izb\u0105 Adwokack\u0105 w&nbsp;Polsce. Wprost, 5 pa\u017adziernika 2017 r. Ca\u0142y artyku\u0142<\/p>\n","protected":false},"author":1,"featured_media":0,"comment_status":"open","ping_status":"open","sticky":false,"template":"","format":"standard","meta":{"_acf_changed":false,"inline_featured_image":false,"footnotes":""},"categories":[6],"tags":[],"class_list":["post-1073","post","type-post","status-publish","format-standard","hentry","category-artykuly"],"acf":[],"_links":{"self":[{"href":"https:\/\/adwokatura.krakow.pl\/adwokaci-i-aplikanci\/wp-json\/wp\/v2\/posts\/1073","targetHints":{"allow":["GET"]}}],"collection":[{"href":"https:\/\/adwokatura.krakow.pl\/adwokaci-i-aplikanci\/wp-json\/wp\/v2\/posts"}],"about":[{"href":"https:\/\/adwokatura.krakow.pl\/adwokaci-i-aplikanci\/wp-json\/wp\/v2\/types\/post"}],"author":[{"embeddable":true,"href":"https:\/\/adwokatura.krakow.pl\/adwokaci-i-aplikanci\/wp-json\/wp\/v2\/users\/1"}],"replies":[{"embeddable":true,"href":"https:\/\/adwokatura.krakow.pl\/adwokaci-i-aplikanci\/wp-json\/wp\/v2\/comments?post=1073"}],"version-history":[{"count":1,"href":"https:\/\/adwokatura.krakow.pl\/adwokaci-i-aplikanci\/wp-json\/wp\/v2\/posts\/1073\/revisions"}],"predecessor-version":[{"id":1074,"href":"https:\/\/adwokatura.krakow.pl\/adwokaci-i-aplikanci\/wp-json\/wp\/v2\/posts\/1073\/revisions\/1074"}],"wp:attachment":[{"href":"https:\/\/adwokatura.krakow.pl\/adwokaci-i-aplikanci\/wp-json\/wp\/v2\/media?parent=1073"}],"wp:term":[{"taxonomy":"category","embeddable":true,"href":"https:\/\/adwokatura.krakow.pl\/adwokaci-i-aplikanci\/wp-json\/wp\/v2\/categories?post=1073"},{"taxonomy":"post_tag","embeddable":true,"href":"https:\/\/adwokatura.krakow.pl\/adwokaci-i-aplikanci\/wp-json\/wp\/v2\/tags?post=1073"}],"curies":[{"name":"wp","href":"https:\/\/api.w.org\/{rel}","templated":true}]}}