{"id":1075,"date":"2017-10-08T09:16:00","date_gmt":"2017-10-08T07:16:00","guid":{"rendered":"http:\/\/adwokatura.krakow.pl\/adwokaci-i-aplikanci\/?p=1075"},"modified":"2023-12-14T09:16:43","modified_gmt":"2023-12-14T08:16:43","slug":"jubileusz-155-lecia-krakowskiej-izby-adwokackiej","status":"publish","type":"post","link":"https:\/\/adwokatura.krakow.pl\/adwokaci-i-aplikanci\/jubileusz-155-lecia-krakowskiej-izby-adwokackiej\/","title":{"rendered":"JUBILEUSZ 155-LECIA KRAKOWSKIEJ IZBY ADWOKACKIEJ"},"content":{"rendered":"\n<p>&#8211; Adwokat to zaw\u00f3d, kt\u00f3ry jest powo\u0142aniem. Zawsze byli\u015bmy uczeni tego, \u017ce ka\u017cdemu nale\u017cy udziela\u0107 pomocy, ka\u017cdy na t\u0119 pomoc zas\u0142uguje &#8211;&nbsp;<strong>m\u00f3wi\u0142a nam Katarzyna Kosiorkiewicz, cz\u0142onek Okr\u0119gowej Rady Adwokackiej w Krakowie.<\/strong>&nbsp;&#8211; Trzeba utwierdza\u0107 w tym zw\u0142aszcza m\u0142odych adwokat\u00f3w, kt\u00f3rzy wci\u0105\u017c si\u0119 ucz\u0105. Przypomina\u0107, na czym polega specyfika tego zawodu: \u017ce nie mo\u017cna ugi\u0105\u0107 si\u0119 przed \u017cadnym ustrojem, nie wolno niczego si\u0119 ba\u0107 i trzeba przede wszystkim s\u0142u\u017cy\u0107 obywatelowi.<\/p>\n\n\n\n<p>Gazeta Krakowska, 8 pa\u017adziernika 2017 r.<\/p>\n\n\n\n<p><a href=\"http:\/\/www.gazetakrakowska.pl\/wiadomosci\/krakow\/a\/jubileusz-155lecia-krakowskiej-izby-adwokackiej-zdjecia,12556906\/\">Czytaj wi\u0119cej: http:\/\/www.gazetakrakowska.pl\/wiadomosci\/krakow\/a\/jubileusz-155lecia-krakowskiej-izby-adwokackiej-zdjecia,12556906\/<\/a><\/p>\n","protected":false},"excerpt":{"rendered":"<p>&#8211; Adwokat to zaw\u00f3d, kt\u00f3ry jest powo\u0142aniem. Zawsze byli\u015bmy uczeni tego, \u017ce ka\u017cdemu nale\u017cy udziela\u0107 pomocy, ka\u017cdy na t\u0119 pomoc zas\u0142uguje &#8211;&nbsp;m\u00f3wi\u0142a nam Katarzyna Kosiorkiewicz, cz\u0142onek Okr\u0119gowej Rady Adwokackiej w Krakowie.&nbsp;&#8211; Trzeba utwierdza\u0107 w tym zw\u0142aszcza m\u0142odych adwokat\u00f3w, kt\u00f3rzy wci\u0105\u017c si\u0119 ucz\u0105. Przypomina\u0107, na czym polega specyfika tego zawodu: \u017ce nie mo\u017cna ugi\u0105\u0107 si\u0119 przed [&hellip;]<\/p>\n","protected":false},"author":1,"featured_media":0,"comment_status":"open","ping_status":"open","sticky":false,"template":"","format":"standard","meta":{"_acf_changed":false,"inline_featured_image":false,"footnotes":""},"categories":[6],"tags":[],"class_list":["post-1075","post","type-post","status-publish","format-standard","hentry","category-artykuly"],"acf":[],"_links":{"self":[{"href":"https:\/\/adwokatura.krakow.pl\/adwokaci-i-aplikanci\/wp-json\/wp\/v2\/posts\/1075","targetHints":{"allow":["GET"]}}],"collection":[{"href":"https:\/\/adwokatura.krakow.pl\/adwokaci-i-aplikanci\/wp-json\/wp\/v2\/posts"}],"about":[{"href":"https:\/\/adwokatura.krakow.pl\/adwokaci-i-aplikanci\/wp-json\/wp\/v2\/types\/post"}],"author":[{"embeddable":true,"href":"https:\/\/adwokatura.krakow.pl\/adwokaci-i-aplikanci\/wp-json\/wp\/v2\/users\/1"}],"replies":[{"embeddable":true,"href":"https:\/\/adwokatura.krakow.pl\/adwokaci-i-aplikanci\/wp-json\/wp\/v2\/comments?post=1075"}],"version-history":[{"count":1,"href":"https:\/\/adwokatura.krakow.pl\/adwokaci-i-aplikanci\/wp-json\/wp\/v2\/posts\/1075\/revisions"}],"predecessor-version":[{"id":1076,"href":"https:\/\/adwokatura.krakow.pl\/adwokaci-i-aplikanci\/wp-json\/wp\/v2\/posts\/1075\/revisions\/1076"}],"wp:attachment":[{"href":"https:\/\/adwokatura.krakow.pl\/adwokaci-i-aplikanci\/wp-json\/wp\/v2\/media?parent=1075"}],"wp:term":[{"taxonomy":"category","embeddable":true,"href":"https:\/\/adwokatura.krakow.pl\/adwokaci-i-aplikanci\/wp-json\/wp\/v2\/categories?post=1075"},{"taxonomy":"post_tag","embeddable":true,"href":"https:\/\/adwokatura.krakow.pl\/adwokaci-i-aplikanci\/wp-json\/wp\/v2\/tags?post=1075"}],"curies":[{"name":"wp","href":"https:\/\/api.w.org\/{rel}","templated":true}]}}