{"id":1077,"date":"2017-09-18T09:16:00","date_gmt":"2017-09-18T07:16:00","guid":{"rendered":"http:\/\/adwokatura.krakow.pl\/adwokaci-i-aplikanci\/?p=1077"},"modified":"2023-12-14T09:17:23","modified_gmt":"2023-12-14T08:17:23","slug":"wyroki-kasatoryjne-sadow-dyscyplinarnych-pod-lupa-sn","status":"publish","type":"post","link":"https:\/\/adwokatura.krakow.pl\/adwokaci-i-aplikanci\/wyroki-kasatoryjne-sadow-dyscyplinarnych-pod-lupa-sn\/","title":{"rendered":"&#8222;WYROKI KASATORYJNE S\u0104D\u00d3W DYSCYPLINARNYCH POD LUP\u0104 SN&#8221;"},"content":{"rendered":"\n<p>S\u0105d Najwy\u017cszy mo\u017ce rozpatrywa\u0107 skargi na wyroki kasatoryjne wy\u017cszych s\u0105d\u00f3w dyscyplinarnych prawniczych korporacji &#8211; wynika z uchwa\u0142y SN<\/p>\n\n\n\n<p>&#8211; Stosowanie przepis\u00f3w rozdzia\u0142u 55a k.p.k. w post\u0119powaniach dyscyplinarnych jest niebezpieczne, poniewa\u017c mo\u017ce stanowi\u0107 narz\u0119dzie wykorzystywane w celu przed\u0142u\u017cania post\u0119powa\u0144 dyscyplinarnych. One z uwagi na sw\u00f3j charakter s\u0105 odr\u0119bne od procedury karnej stosowanej w ramach dzia\u0142alno\u015bci s\u0105d\u00f3w powszechnych &#8211; komentuje adw. Ewa Krasowska, rzecznik dyscyplinarny adwokatury.<\/p>\n\n\n\n<p>Dziennik Gazeta Prawna, 18 wrze\u015bnia 2017 roku<\/p>\n\n\n\n<p><a href=\"https:\/\/adwokatura.krakow.pl\/data\/domains\/1\/pl\/filemanager_files\/artykuy\/dziennik_gazeta_prawna_b_2017_09_18_wyroki_kasatoryjne_sadow_dyscyplinarnych_pod_lupa_sn-pdf.pdf\">Ca\u0142y artyku\u0142<\/a><\/p>\n","protected":false},"excerpt":{"rendered":"<p>S\u0105d Najwy\u017cszy mo\u017ce rozpatrywa\u0107 skargi na wyroki kasatoryjne wy\u017cszych s\u0105d\u00f3w dyscyplinarnych prawniczych korporacji &#8211; wynika z uchwa\u0142y SN &#8211; Stosowanie przepis\u00f3w rozdzia\u0142u 55a k.p.k. w post\u0119powaniach dyscyplinarnych jest niebezpieczne, poniewa\u017c mo\u017ce stanowi\u0107 narz\u0119dzie wykorzystywane w celu przed\u0142u\u017cania post\u0119powa\u0144 dyscyplinarnych. One z uwagi na sw\u00f3j charakter s\u0105 odr\u0119bne od procedury karnej stosowanej w ramach dzia\u0142alno\u015bci s\u0105d\u00f3w [&hellip;]<\/p>\n","protected":false},"author":1,"featured_media":0,"comment_status":"open","ping_status":"open","sticky":false,"template":"","format":"standard","meta":{"_acf_changed":false,"inline_featured_image":false,"footnotes":""},"categories":[6],"tags":[],"class_list":["post-1077","post","type-post","status-publish","format-standard","hentry","category-artykuly"],"acf":[],"_links":{"self":[{"href":"https:\/\/adwokatura.krakow.pl\/adwokaci-i-aplikanci\/wp-json\/wp\/v2\/posts\/1077","targetHints":{"allow":["GET"]}}],"collection":[{"href":"https:\/\/adwokatura.krakow.pl\/adwokaci-i-aplikanci\/wp-json\/wp\/v2\/posts"}],"about":[{"href":"https:\/\/adwokatura.krakow.pl\/adwokaci-i-aplikanci\/wp-json\/wp\/v2\/types\/post"}],"author":[{"embeddable":true,"href":"https:\/\/adwokatura.krakow.pl\/adwokaci-i-aplikanci\/wp-json\/wp\/v2\/users\/1"}],"replies":[{"embeddable":true,"href":"https:\/\/adwokatura.krakow.pl\/adwokaci-i-aplikanci\/wp-json\/wp\/v2\/comments?post=1077"}],"version-history":[{"count":1,"href":"https:\/\/adwokatura.krakow.pl\/adwokaci-i-aplikanci\/wp-json\/wp\/v2\/posts\/1077\/revisions"}],"predecessor-version":[{"id":1078,"href":"https:\/\/adwokatura.krakow.pl\/adwokaci-i-aplikanci\/wp-json\/wp\/v2\/posts\/1077\/revisions\/1078"}],"wp:attachment":[{"href":"https:\/\/adwokatura.krakow.pl\/adwokaci-i-aplikanci\/wp-json\/wp\/v2\/media?parent=1077"}],"wp:term":[{"taxonomy":"category","embeddable":true,"href":"https:\/\/adwokatura.krakow.pl\/adwokaci-i-aplikanci\/wp-json\/wp\/v2\/categories?post=1077"},{"taxonomy":"post_tag","embeddable":true,"href":"https:\/\/adwokatura.krakow.pl\/adwokaci-i-aplikanci\/wp-json\/wp\/v2\/tags?post=1077"}],"curies":[{"name":"wp","href":"https:\/\/api.w.org\/{rel}","templated":true}]}}