{"id":1081,"date":"2017-08-30T09:18:00","date_gmt":"2017-08-30T07:18:00","guid":{"rendered":"http:\/\/adwokatura.krakow.pl\/adwokaci-i-aplikanci\/?p=1081"},"modified":"2023-12-14T09:19:28","modified_gmt":"2023-12-14T08:19:28","slug":"gutowski-i-kardas-nadprodukcja-niedouczonych-prawnikow-opinia","status":"publish","type":"post","link":"https:\/\/adwokatura.krakow.pl\/adwokaci-i-aplikanci\/gutowski-i-kardas-nadprodukcja-niedouczonych-prawnikow-opinia\/","title":{"rendered":"GUTOWSKI I KARDAS: NADPRODUKCJA NIEDOUCZONYCH PRAWNIK\u00d3W [OPINIA]"},"content":{"rendered":"\n<h2 class=\"wp-block-heading\">GUTOWSKI I KARDAS: NADPRODUKCJA NIEDOUCZONYCH PRAWNIK\u00d3W<\/h2>\n\n\n\n<p>Kryzys w obszarze stanowienia i stosowania prawa stwarza potrzeb\u0119 g\u0142\u0119bszej refleksji nad jego przyczynami. Obok tych oczywistych \u2013 politycznych \u2013 dostrzegalne s\u0105 s\u0142abo\u015bci w sferze jego nauczania, a tak\u017ce niedomagania w zakresie kszta\u0142cenia m\u0142odych adept\u00f3w.ZA\u0141\u0104CZNIKI:<\/p>\n\n\n<div class=\"zalaczniki\">\n    \n    <div class=\"zalaczniki__wrap\">\n                        <div class=\"zalaczniki__single\">\n                <div class=\"zalaczniki__first\">\n                    <p class=\"zalaczniki__title\">\n                                            <\/p>\n                    <p class=\"zalaczniki__file-name\">\n                                                    prawo_gazetaprawna_pl_2017_08_30_gutowski_i_kardas-nadprodukcja_niedouczonych_prawnikow-opinia-p.pdf                                            <\/p>\n                <\/div>\n                <div class=\"zalaczniki__middle\">\n                                        <a href=\"https:\/\/adwokatura.krakow.pl\/adwokaci-i-aplikanci\/wp-content\/uploads\/sites\/2\/2023\/12\/prawo_gazetaprawna_pl_2017_08_30_gutowski_i_kardas-nadprodukcja_niedouczonych_prawnikow-opinia-p.pdf\">Zobacz plik<\/a>\n                                    <\/div>\n                <div class=\"zalaczniki__last\">\n                                        <a download href=\"https:\/\/adwokatura.krakow.pl\/adwokaci-i-aplikanci\/wp-content\/uploads\/sites\/2\/2023\/12\/prawo_gazetaprawna_pl_2017_08_30_gutowski_i_kardas-nadprodukcja_niedouczonych_prawnikow-opinia-p.pdf\">\n                            <img decoding=\"async\" src=\"https:\/\/adwokatura.krakow.pl\/adwokaci-i-aplikanci\/wp-content\/themes\/kia\/dist\/images\/download.svg\" alt=\"download\">\n                        <\/a>\n                                    <\/div>\n               \n            <\/div>\n                <\/div>\n<\/div>","protected":false},"excerpt":{"rendered":"<p>GUTOWSKI I KARDAS: NADPRODUKCJA NIEDOUCZONYCH PRAWNIK\u00d3W Kryzys w obszarze stanowienia i stosowania prawa stwarza potrzeb\u0119 g\u0142\u0119bszej refleksji nad jego przyczynami. Obok tych oczywistych \u2013 politycznych \u2013 dostrzegalne s\u0105 s\u0142abo\u015bci w sferze jego nauczania, a tak\u017ce niedomagania w zakresie kszta\u0142cenia m\u0142odych adept\u00f3w.ZA\u0141\u0104CZNIKI:<\/p>\n","protected":false},"author":1,"featured_media":0,"comment_status":"open","ping_status":"open","sticky":false,"template":"","format":"standard","meta":{"_acf_changed":false,"inline_featured_image":false,"footnotes":""},"categories":[6],"tags":[],"class_list":["post-1081","post","type-post","status-publish","format-standard","hentry","category-artykuly"],"acf":[],"_links":{"self":[{"href":"https:\/\/adwokatura.krakow.pl\/adwokaci-i-aplikanci\/wp-json\/wp\/v2\/posts\/1081","targetHints":{"allow":["GET"]}}],"collection":[{"href":"https:\/\/adwokatura.krakow.pl\/adwokaci-i-aplikanci\/wp-json\/wp\/v2\/posts"}],"about":[{"href":"https:\/\/adwokatura.krakow.pl\/adwokaci-i-aplikanci\/wp-json\/wp\/v2\/types\/post"}],"author":[{"embeddable":true,"href":"https:\/\/adwokatura.krakow.pl\/adwokaci-i-aplikanci\/wp-json\/wp\/v2\/users\/1"}],"replies":[{"embeddable":true,"href":"https:\/\/adwokatura.krakow.pl\/adwokaci-i-aplikanci\/wp-json\/wp\/v2\/comments?post=1081"}],"version-history":[{"count":2,"href":"https:\/\/adwokatura.krakow.pl\/adwokaci-i-aplikanci\/wp-json\/wp\/v2\/posts\/1081\/revisions"}],"predecessor-version":[{"id":1084,"href":"https:\/\/adwokatura.krakow.pl\/adwokaci-i-aplikanci\/wp-json\/wp\/v2\/posts\/1081\/revisions\/1084"}],"wp:attachment":[{"href":"https:\/\/adwokatura.krakow.pl\/adwokaci-i-aplikanci\/wp-json\/wp\/v2\/media?parent=1081"}],"wp:term":[{"taxonomy":"category","embeddable":true,"href":"https:\/\/adwokatura.krakow.pl\/adwokaci-i-aplikanci\/wp-json\/wp\/v2\/categories?post=1081"},{"taxonomy":"post_tag","embeddable":true,"href":"https:\/\/adwokatura.krakow.pl\/adwokaci-i-aplikanci\/wp-json\/wp\/v2\/tags?post=1081"}],"curies":[{"name":"wp","href":"https:\/\/api.w.org\/{rel}","templated":true}]}}