{"id":1087,"date":"2017-08-17T09:20:00","date_gmt":"2017-08-17T07:20:00","guid":{"rendered":"http:\/\/adwokatura.krakow.pl\/adwokaci-i-aplikanci\/?p=1087"},"modified":"2023-12-14T09:21:04","modified_gmt":"2023-12-14T08:21:04","slug":"rozny-wiek-emerytalny-dla-kobiet-i-mezczyzn-oczekiwanie-spoleczne-nie-tlumaczy-dyskryminacji","status":"publish","type":"post","link":"https:\/\/adwokatura.krakow.pl\/adwokaci-i-aplikanci\/rozny-wiek-emerytalny-dla-kobiet-i-mezczyzn-oczekiwanie-spoleczne-nie-tlumaczy-dyskryminacji\/","title":{"rendered":"R\u00d3\u017bNY WIEK EMERYTALNY DLA KOBIET I M\u0118\u017bCZYZN: OCZEKIWANIE SPO\u0141ECZNE NIE T\u0141UMACZY DYSKRYMINACJI"},"content":{"rendered":"\n<p>Komisja Europejska zarzuci\u0142a Polsce, i\u017c wprowadzenie zr\u00f3\u017cnicowanego wieku emerytalnego dla kobiet i m\u0119\u017cczyzn jako przes\u0142anki nabycia uprawnie\u0144 emerytalnych stanowi przejaw dyskryminacji z uwagi na p\u0142e\u0107. W odpowiedzi MRPiPS wskaza\u0142o, i\u017c wprowadzony (zr\u00f3\u017cnicowany) wiek emerytalny dla kobiet i m\u0119\u017cczyzn jest prawid\u0142owy i zgodny z oczekiwaniami spo\u0142ecznymi. Czy ma racj\u0119?<\/p>\n\n\n\n<p>Dziennik Gazeta Prawna, 17 sierpnia 2017 roku<\/p>\n\n\n\n<p><a href=\"https:\/\/adwokatura.krakow.pl\/data\/domains\/1\/pl\/filemanager_files\/artykuy\/dziennik_gazeta_prawna_b_2017_08_17_oczekiwanie_spoleczne_nie_tlumaczy_dyskryminacji_pdf.pdf\">Ca\u0142y Artyku\u0142<\/a><\/p>\n","protected":false},"excerpt":{"rendered":"<p>Komisja Europejska zarzuci\u0142a Polsce, i\u017c wprowadzenie zr\u00f3\u017cnicowanego wieku emerytalnego dla kobiet i m\u0119\u017cczyzn jako przes\u0142anki nabycia uprawnie\u0144 emerytalnych stanowi przejaw dyskryminacji z uwagi na p\u0142e\u0107. W odpowiedzi MRPiPS wskaza\u0142o, i\u017c wprowadzony (zr\u00f3\u017cnicowany) wiek emerytalny dla kobiet i m\u0119\u017cczyzn jest prawid\u0142owy i zgodny z oczekiwaniami spo\u0142ecznymi. Czy ma racj\u0119? Dziennik Gazeta Prawna, 17 sierpnia 2017 roku [&hellip;]<\/p>\n","protected":false},"author":1,"featured_media":0,"comment_status":"open","ping_status":"open","sticky":false,"template":"","format":"standard","meta":{"_acf_changed":false,"inline_featured_image":false,"footnotes":""},"categories":[6],"tags":[],"class_list":["post-1087","post","type-post","status-publish","format-standard","hentry","category-artykuly"],"acf":[],"_links":{"self":[{"href":"https:\/\/adwokatura.krakow.pl\/adwokaci-i-aplikanci\/wp-json\/wp\/v2\/posts\/1087","targetHints":{"allow":["GET"]}}],"collection":[{"href":"https:\/\/adwokatura.krakow.pl\/adwokaci-i-aplikanci\/wp-json\/wp\/v2\/posts"}],"about":[{"href":"https:\/\/adwokatura.krakow.pl\/adwokaci-i-aplikanci\/wp-json\/wp\/v2\/types\/post"}],"author":[{"embeddable":true,"href":"https:\/\/adwokatura.krakow.pl\/adwokaci-i-aplikanci\/wp-json\/wp\/v2\/users\/1"}],"replies":[{"embeddable":true,"href":"https:\/\/adwokatura.krakow.pl\/adwokaci-i-aplikanci\/wp-json\/wp\/v2\/comments?post=1087"}],"version-history":[{"count":1,"href":"https:\/\/adwokatura.krakow.pl\/adwokaci-i-aplikanci\/wp-json\/wp\/v2\/posts\/1087\/revisions"}],"predecessor-version":[{"id":1088,"href":"https:\/\/adwokatura.krakow.pl\/adwokaci-i-aplikanci\/wp-json\/wp\/v2\/posts\/1087\/revisions\/1088"}],"wp:attachment":[{"href":"https:\/\/adwokatura.krakow.pl\/adwokaci-i-aplikanci\/wp-json\/wp\/v2\/media?parent=1087"}],"wp:term":[{"taxonomy":"category","embeddable":true,"href":"https:\/\/adwokatura.krakow.pl\/adwokaci-i-aplikanci\/wp-json\/wp\/v2\/categories?post=1087"},{"taxonomy":"post_tag","embeddable":true,"href":"https:\/\/adwokatura.krakow.pl\/adwokaci-i-aplikanci\/wp-json\/wp\/v2\/tags?post=1087"}],"curies":[{"name":"wp","href":"https:\/\/api.w.org\/{rel}","templated":true}]}}