{"id":1089,"date":"2017-09-01T09:21:00","date_gmt":"2017-09-01T07:21:00","guid":{"rendered":"http:\/\/adwokatura.krakow.pl\/adwokaci-i-aplikanci\/?p=1089"},"modified":"2023-12-14T09:22:28","modified_gmt":"2023-12-14T08:22:28","slug":"znowelizowany-k-p-a-nie-zrewolucjonizowal-e-korespondencji","status":"publish","type":"post","link":"https:\/\/adwokatura.krakow.pl\/adwokaci-i-aplikanci\/znowelizowany-k-p-a-nie-zrewolucjonizowal-e-korespondencji\/","title":{"rendered":"ZNOWELIZOWANY K.P.A. (NIE) ZREWOLUCJONIZOWA\u0141 E-KORESPONDENCJI."},"content":{"rendered":"\n<h2 class=\"wp-block-heading\">ZNOWELIZOWANY K.P.A. (NIE) ZREWOLUCJONIZOWA\u0141 E-KORESPONDENCJI.<\/h2>\n\n\n\n<p>Znowelizowany k.p.a. (nie) zrewolucjonizowa\u0142 e-korespondencji.<\/p>\n\n\n\n<p>Dziennik Gazeta Prawna Tygodnik 01.09.17<\/p>\n\n\n\n<p>ZA\u0141\u0104CZNIKI:<\/p>\n\n\n<div class=\"zalaczniki\">\n    \n    <div class=\"zalaczniki__wrap\">\n                        <div class=\"zalaczniki__single\">\n                <div class=\"zalaczniki__first\">\n                    <p class=\"zalaczniki__title\">\n                                            <\/p>\n                    <p class=\"zalaczniki__file-name\">\n                                                    dziennik_gazeta_prawna_tygodnik_2017_09_01_znowelizowany_k_p_a-nie-zrewolucjonizowal_e_korespond.pdf                                            <\/p>\n                <\/div>\n                <div class=\"zalaczniki__middle\">\n                                        <a href=\"https:\/\/adwokatura.krakow.pl\/adwokaci-i-aplikanci\/wp-content\/uploads\/sites\/2\/2023\/12\/dziennik_gazeta_prawna_tygodnik_2017_09_01_znowelizowany_k_p_a-nie-zrewolucjonizowal_e_korespond.pdf\">Zobacz plik<\/a>\n                                    <\/div>\n                <div class=\"zalaczniki__last\">\n                                        <a download href=\"https:\/\/adwokatura.krakow.pl\/adwokaci-i-aplikanci\/wp-content\/uploads\/sites\/2\/2023\/12\/dziennik_gazeta_prawna_tygodnik_2017_09_01_znowelizowany_k_p_a-nie-zrewolucjonizowal_e_korespond.pdf\">\n                            <img decoding=\"async\" src=\"https:\/\/adwokatura.krakow.pl\/adwokaci-i-aplikanci\/wp-content\/themes\/kia\/dist\/images\/download.svg\" alt=\"download\">\n                        <\/a>\n                                    <\/div>\n               \n            <\/div>\n                <\/div>\n<\/div>","protected":false},"excerpt":{"rendered":"<p>ZNOWELIZOWANY K.P.A. (NIE) ZREWOLUCJONIZOWA\u0141 E-KORESPONDENCJI. Znowelizowany k.p.a. (nie) zrewolucjonizowa\u0142 e-korespondencji. Dziennik Gazeta Prawna Tygodnik 01.09.17 ZA\u0141\u0104CZNIKI:<\/p>\n","protected":false},"author":1,"featured_media":0,"comment_status":"open","ping_status":"open","sticky":false,"template":"","format":"standard","meta":{"_acf_changed":false,"inline_featured_image":false,"footnotes":""},"categories":[6],"tags":[],"class_list":["post-1089","post","type-post","status-publish","format-standard","hentry","category-artykuly"],"acf":[],"_links":{"self":[{"href":"https:\/\/adwokatura.krakow.pl\/adwokaci-i-aplikanci\/wp-json\/wp\/v2\/posts\/1089","targetHints":{"allow":["GET"]}}],"collection":[{"href":"https:\/\/adwokatura.krakow.pl\/adwokaci-i-aplikanci\/wp-json\/wp\/v2\/posts"}],"about":[{"href":"https:\/\/adwokatura.krakow.pl\/adwokaci-i-aplikanci\/wp-json\/wp\/v2\/types\/post"}],"author":[{"embeddable":true,"href":"https:\/\/adwokatura.krakow.pl\/adwokaci-i-aplikanci\/wp-json\/wp\/v2\/users\/1"}],"replies":[{"embeddable":true,"href":"https:\/\/adwokatura.krakow.pl\/adwokaci-i-aplikanci\/wp-json\/wp\/v2\/comments?post=1089"}],"version-history":[{"count":2,"href":"https:\/\/adwokatura.krakow.pl\/adwokaci-i-aplikanci\/wp-json\/wp\/v2\/posts\/1089\/revisions"}],"predecessor-version":[{"id":1092,"href":"https:\/\/adwokatura.krakow.pl\/adwokaci-i-aplikanci\/wp-json\/wp\/v2\/posts\/1089\/revisions\/1092"}],"wp:attachment":[{"href":"https:\/\/adwokatura.krakow.pl\/adwokaci-i-aplikanci\/wp-json\/wp\/v2\/media?parent=1089"}],"wp:term":[{"taxonomy":"category","embeddable":true,"href":"https:\/\/adwokatura.krakow.pl\/adwokaci-i-aplikanci\/wp-json\/wp\/v2\/categories?post=1089"},{"taxonomy":"post_tag","embeddable":true,"href":"https:\/\/adwokatura.krakow.pl\/adwokaci-i-aplikanci\/wp-json\/wp\/v2\/tags?post=1089"}],"curies":[{"name":"wp","href":"https:\/\/api.w.org\/{rel}","templated":true}]}}