{"id":3933,"date":"2024-05-20T13:14:23","date_gmt":"2024-05-20T11:14:23","guid":{"rendered":"https:\/\/adwokatura.krakow.pl\/adwokaci-i-aplikanci\/?p=3933"},"modified":"2024-05-20T13:15:02","modified_gmt":"2024-05-20T11:15:02","slug":"wazny-komunikat-sekretarza-ora-w-krakowie","status":"publish","type":"post","link":"https:\/\/adwokatura.krakow.pl\/adwokaci-i-aplikanci\/wazny-komunikat-sekretarza-ora-w-krakowie\/","title":{"rendered":"Wa\u017cny komunikat sekretarza ORA w Krakowie"},"content":{"rendered":"\n<p><strong>Szanowne Kole\u017canki i Koledzy,<\/strong><\/p>\n\n\n\n<p><strong>Adwokaci naszej izby zg\u0142osili, \u017ce powo\u0142uj\u0105c si\u0119 na renom\u0119 Ich kancelarii telefonicznie oferowano us\u0142ugi prowadzenia spraw odszkodowawczych. Potencjalni klienci zg\u0142osili to PT Adwokatom, na kt\u00f3rych nazwiska powo\u0142ywano si\u0119 w takich rozmowach telefonicznych.&nbsp;<\/strong><\/p>\n\n\n\n<p><strong>Nie wiadomo by ktokolwiek zleci\u0142 spraw\u0119 i by zosta\u0142 pokrzywdzony, nie wiadomo czy mia\u0142o miejsce naruszenie przepis\u00f3w o ochronie danych osobowych tych os\u00f3b (z pewno\u015bci\u0105 nie ze strony Adwokat\u00f3w), natomiast pozwalam sobie poinformowa\u0107 o tych incydentach, aby w razie powt\u00f3rki byli Pa\u0144stwo uprzedzeni o nowej metodzie wy\u0142udze\u0144.&nbsp;&nbsp;<\/strong><\/p>\n\n\n\n<p><\/p>\n\n\n\n<p><strong><em>adw. Marcin Kosiorkiewicz\u00a0<\/em><\/strong>&#8211; <strong><em>Sekretarz ORA w Krakowie<\/em><\/strong><\/p>\n","protected":false},"excerpt":{"rendered":"<p>Szanowne Kole\u017canki i Koledzy, Adwokaci naszej izby zg\u0142osili, \u017ce powo\u0142uj\u0105c si\u0119 na renom\u0119 Ich kancelarii telefonicznie oferowano us\u0142ugi prowadzenia spraw odszkodowawczych. Potencjalni klienci zg\u0142osili to PT Adwokatom, na kt\u00f3rych nazwiska powo\u0142ywano si\u0119 w takich rozmowach telefonicznych.&nbsp; Nie wiadomo by ktokolwiek zleci\u0142 spraw\u0119 i by zosta\u0142 pokrzywdzony, nie wiadomo czy mia\u0142o miejsce naruszenie przepis\u00f3w o ochronie [&hellip;]<\/p>\n","protected":false},"author":9,"featured_media":0,"comment_status":"closed","ping_status":"closed","sticky":false,"template":"","format":"standard","meta":{"_acf_changed":false,"inline_featured_image":false,"footnotes":""},"categories":[6],"tags":[],"class_list":["post-3933","post","type-post","status-publish","format-standard","hentry","category-artykuly"],"acf":[],"_links":{"self":[{"href":"https:\/\/adwokatura.krakow.pl\/adwokaci-i-aplikanci\/wp-json\/wp\/v2\/posts\/3933","targetHints":{"allow":["GET"]}}],"collection":[{"href":"https:\/\/adwokatura.krakow.pl\/adwokaci-i-aplikanci\/wp-json\/wp\/v2\/posts"}],"about":[{"href":"https:\/\/adwokatura.krakow.pl\/adwokaci-i-aplikanci\/wp-json\/wp\/v2\/types\/post"}],"author":[{"embeddable":true,"href":"https:\/\/adwokatura.krakow.pl\/adwokaci-i-aplikanci\/wp-json\/wp\/v2\/users\/9"}],"replies":[{"embeddable":true,"href":"https:\/\/adwokatura.krakow.pl\/adwokaci-i-aplikanci\/wp-json\/wp\/v2\/comments?post=3933"}],"version-history":[{"count":2,"href":"https:\/\/adwokatura.krakow.pl\/adwokaci-i-aplikanci\/wp-json\/wp\/v2\/posts\/3933\/revisions"}],"predecessor-version":[{"id":3935,"href":"https:\/\/adwokatura.krakow.pl\/adwokaci-i-aplikanci\/wp-json\/wp\/v2\/posts\/3933\/revisions\/3935"}],"wp:attachment":[{"href":"https:\/\/adwokatura.krakow.pl\/adwokaci-i-aplikanci\/wp-json\/wp\/v2\/media?parent=3933"}],"wp:term":[{"taxonomy":"category","embeddable":true,"href":"https:\/\/adwokatura.krakow.pl\/adwokaci-i-aplikanci\/wp-json\/wp\/v2\/categories?post=3933"},{"taxonomy":"post_tag","embeddable":true,"href":"https:\/\/adwokatura.krakow.pl\/adwokaci-i-aplikanci\/wp-json\/wp\/v2\/tags?post=3933"}],"curies":[{"name":"wp","href":"https:\/\/api.w.org\/{rel}","templated":true}]}}