{"id":3939,"date":"2024-05-23T09:34:06","date_gmt":"2024-05-23T07:34:06","guid":{"rendered":"https:\/\/adwokatura.krakow.pl\/adwokaci-i-aplikanci\/?p=3939"},"modified":"2024-05-23T09:34:07","modified_gmt":"2024-05-23T07:34:07","slug":"ii-kongres-przedsiebiorstw-rodzinnych-sukcesja-w-biznesie","status":"publish","type":"post","link":"https:\/\/adwokatura.krakow.pl\/adwokaci-i-aplikanci\/ii-kongres-przedsiebiorstw-rodzinnych-sukcesja-w-biznesie\/","title":{"rendered":"II Kongres Przedsi\u0119biorstw Rodzinnych &#8211;\u00a0Sukcesja w biznesie"},"content":{"rendered":"\n<figure class=\"wp-block-image\"><img decoding=\"async\" src=\"https:\/\/demo.bosathemes.com\/bosa\/event-conference\/wp-content\/uploads\/sites\/89\/2023\/11\/img024.jpg\" alt=\"\" title=\"\" \/><\/figure>\n\n\n\n<figure class=\"wp-block-image\"><img decoding=\"async\" src=\"https:\/\/demo.bosathemes.com\/bosa\/event-conference\/wp-content\/uploads\/sites\/89\/2023\/11\/img023.jpg\" alt=\"\" title=\"\" \/><\/figure>\n\n\n\n<h2 class=\"wp-block-heading\">Cel&nbsp;<strong>Kongresu<\/strong><\/h2>\n\n\n\n<p>Celem Kongresu jest podj\u0119cie dyskusji na temat aktualnego stanu i perspektyw rozwoju firm rodzinnych ze szczeg\u00f3lnym uwzgl\u0119dnieniem kluczowych wyzwa\u0144 zwi\u0105zanych z planowaniem sukcesji. Zakres tematyczny kongresu:<\/p>\n\n\n<a class=\"button button--zielony-ze-strzalka\" href=\"https:\/\/cpr.uek.krakow.pl\/kongres2024\/\">\n        CZYTAJ WI\u0118CEJ<\/a>\n","protected":false},"excerpt":{"rendered":"<p>Cel&nbsp;Kongresu Celem Kongresu jest podj\u0119cie dyskusji na temat aktualnego stanu i perspektyw rozwoju firm rodzinnych ze szczeg\u00f3lnym uwzgl\u0119dnieniem kluczowych wyzwa\u0144 zwi\u0105zanych z planowaniem sukcesji. Zakres tematyczny kongresu:<\/p>\n","protected":false},"author":9,"featured_media":0,"comment_status":"closed","ping_status":"closed","sticky":false,"template":"","format":"standard","meta":{"_acf_changed":false,"inline_featured_image":false,"footnotes":""},"categories":[6],"tags":[],"class_list":["post-3939","post","type-post","status-publish","format-standard","hentry","category-artykuly"],"acf":[],"_links":{"self":[{"href":"https:\/\/adwokatura.krakow.pl\/adwokaci-i-aplikanci\/wp-json\/wp\/v2\/posts\/3939","targetHints":{"allow":["GET"]}}],"collection":[{"href":"https:\/\/adwokatura.krakow.pl\/adwokaci-i-aplikanci\/wp-json\/wp\/v2\/posts"}],"about":[{"href":"https:\/\/adwokatura.krakow.pl\/adwokaci-i-aplikanci\/wp-json\/wp\/v2\/types\/post"}],"author":[{"embeddable":true,"href":"https:\/\/adwokatura.krakow.pl\/adwokaci-i-aplikanci\/wp-json\/wp\/v2\/users\/9"}],"replies":[{"embeddable":true,"href":"https:\/\/adwokatura.krakow.pl\/adwokaci-i-aplikanci\/wp-json\/wp\/v2\/comments?post=3939"}],"version-history":[{"count":2,"href":"https:\/\/adwokatura.krakow.pl\/adwokaci-i-aplikanci\/wp-json\/wp\/v2\/posts\/3939\/revisions"}],"predecessor-version":[{"id":3941,"href":"https:\/\/adwokatura.krakow.pl\/adwokaci-i-aplikanci\/wp-json\/wp\/v2\/posts\/3939\/revisions\/3941"}],"wp:attachment":[{"href":"https:\/\/adwokatura.krakow.pl\/adwokaci-i-aplikanci\/wp-json\/wp\/v2\/media?parent=3939"}],"wp:term":[{"taxonomy":"category","embeddable":true,"href":"https:\/\/adwokatura.krakow.pl\/adwokaci-i-aplikanci\/wp-json\/wp\/v2\/categories?post=3939"},{"taxonomy":"post_tag","embeddable":true,"href":"https:\/\/adwokatura.krakow.pl\/adwokaci-i-aplikanci\/wp-json\/wp\/v2\/tags?post=3939"}],"curies":[{"name":"wp","href":"https:\/\/api.w.org\/{rel}","templated":true}]}}