{"id":3942,"date":"2024-05-23T09:39:27","date_gmt":"2024-05-23T07:39:27","guid":{"rendered":"https:\/\/adwokatura.krakow.pl\/adwokaci-i-aplikanci\/?p=3942"},"modified":"2024-05-23T09:39:28","modified_gmt":"2024-05-23T07:39:28","slug":"spotkanie-z-prezydentem-miasta-krakowa-aleksandrem-miszalskim","status":"publish","type":"post","link":"https:\/\/adwokatura.krakow.pl\/adwokaci-i-aplikanci\/spotkanie-z-prezydentem-miasta-krakowa-aleksandrem-miszalskim\/","title":{"rendered":"Spotkanie z Prezydentem Miasta Krakowa Aleksandrem Miszalskim"},"content":{"rendered":"\n<figure class=\"wp-block-image size-large is-resized\"><img loading=\"lazy\" decoding=\"async\" width=\"768\" height=\"1024\" src=\"https:\/\/adwokatura.krakow.pl\/adwokaci-i-aplikanci\/wp-content\/uploads\/sites\/2\/2024\/05\/443712261_1007550538040402_1695437711543920884_n-768x1024.jpg\" alt=\"\" class=\"wp-image-3943\" style=\"width:482px;height:auto\" srcset=\"https:\/\/adwokatura.krakow.pl\/adwokaci-i-aplikanci\/wp-content\/uploads\/sites\/2\/2024\/05\/443712261_1007550538040402_1695437711543920884_n-768x1024.jpg 768w, https:\/\/adwokatura.krakow.pl\/adwokaci-i-aplikanci\/wp-content\/uploads\/sites\/2\/2024\/05\/443712261_1007550538040402_1695437711543920884_n-225x300.jpg 225w, https:\/\/adwokatura.krakow.pl\/adwokaci-i-aplikanci\/wp-content\/uploads\/sites\/2\/2024\/05\/443712261_1007550538040402_1695437711543920884_n-1152x1536.jpg 1152w, https:\/\/adwokatura.krakow.pl\/adwokaci-i-aplikanci\/wp-content\/uploads\/sites\/2\/2024\/05\/443712261_1007550538040402_1695437711543920884_n.jpg 1200w\" sizes=\"auto, (max-width: 768px) 100vw, 768px\" \/><\/figure>\n\n\n\n<p>W dniu 16 maja na zaproszenie Pana Prezydenta Miasta Krakowa Aleksandra Miszalskiego delegacja KIA w sk\u0142adzie: adw. <a href=\"https:\/\/www.facebook.com\/aleksander.gut.3?__cft__[0]=AZVA91cKk3f0TcALO2UEwdOr2_ncJOwe4zrOxSPirOfuU1fxPBNXyYVgiA6XtAQHcPkoUh-nZU8Yl7dFfWUyjjRj3ndRnPg-oNISnXVdxmcc4d5n8ksZUIDBBE7tN5ri9KB-U83BFZo_OaWBogFAziVnPs3aHdiBgPSpSaH6E4pZcnRztdvHMhfeF5CRFbIH0W1T37ryjPN5Y3dfSPDdDtnj&amp;__tn__=-]K-R\">Aleksander Gut<\/a> Dziekan Okr\u0119gowej Rady Adwokackiej w Krakowie, adw. <a href=\"https:\/\/www.facebook.com\/gieras.adwokat?__cft__[0]=AZVA91cKk3f0TcALO2UEwdOr2_ncJOwe4zrOxSPirOfuU1fxPBNXyYVgiA6XtAQHcPkoUh-nZU8Yl7dFfWUyjjRj3ndRnPg-oNISnXVdxmcc4d5n8ksZUIDBBE7tN5ri9KB-U83BFZo_OaWBogFAziVnPs3aHdiBgPSpSaH6E4pZcnRztdvHMhfeF5CRFbIH0W1T37ryjPN5Y3dfSPDdDtnj&amp;__tn__=-]K-R\">Pawe\u0142 Gieras<\/a>Prezes O\u015brodka Badawczego Adwokatury przy NRA oraz adw. <a href=\"https:\/\/www.facebook.com\/filip.fedorowicz.7?__cft__[0]=AZVA91cKk3f0TcALO2UEwdOr2_ncJOwe4zrOxSPirOfuU1fxPBNXyYVgiA6XtAQHcPkoUh-nZU8Yl7dFfWUyjjRj3ndRnPg-oNISnXVdxmcc4d5n8ksZUIDBBE7tN5ri9KB-U83BFZo_OaWBogFAziVnPs3aHdiBgPSpSaH6E4pZcnRztdvHMhfeF5CRFbIH0W1T37ryjPN5Y3dfSPDdDtnj&amp;__tn__=-]K-R\">Filip Fedorowicz<\/a> Przewodnicz\u0105cy Komisji Integracji \u015arodowiskowej, Kultury, Turystyki i Sportu Okr\u0119gowej Rady Adwokackiej w Krakowie mia\u0142a zaszczyt go\u015bci\u0107 w Magistracie.<\/p>\n\n\n\n<p>Podczas spotkania Dziekan w imieniu KIA z\u0142o\u017cy\u0142 gratulacje na r\u0119ce Pana Prezydenta. W dalszej cz\u0119\u015bci spotkania dyskusja dotyczy\u0142a spraw bie\u017c\u0105cych oraz deklaracji i zapewnie\u0144 o dalszej wsp\u00f3\u0142pracy pomi\u0119dzy Panem Prezydentem a Izb\u0105 Adwokack\u0105.<\/p>\n\n\n\n<p>Panie Prezydencie, \u017cyczymy wszelkiej pomy\u015blno\u015bci, sukces\u00f3w oraz wytrwa\u0142o\u015bci w d\u0105\u017ceniu do realizacji postawionych sobie cel\u00f3w.<\/p>\n","protected":false},"excerpt":{"rendered":"<p>W dniu 16 maja na zaproszenie Pana Prezydenta Miasta Krakowa Aleksandra Miszalskiego delegacja KIA w sk\u0142adzie: adw. Aleksander Gut Dziekan Okr\u0119gowej Rady Adwokackiej w Krakowie, adw. Pawe\u0142 GierasPrezes O\u015brodka Badawczego Adwokatury przy NRA oraz adw. Filip Fedorowicz Przewodnicz\u0105cy Komisji Integracji \u015arodowiskowej, Kultury, Turystyki i Sportu Okr\u0119gowej Rady Adwokackiej w Krakowie mia\u0142a zaszczyt go\u015bci\u0107 w Magistracie. [&hellip;]<\/p>\n","protected":false},"author":9,"featured_media":0,"comment_status":"closed","ping_status":"closed","sticky":false,"template":"","format":"standard","meta":{"_acf_changed":false,"inline_featured_image":false,"footnotes":""},"categories":[6],"tags":[],"class_list":["post-3942","post","type-post","status-publish","format-standard","hentry","category-artykuly"],"acf":[],"_links":{"self":[{"href":"https:\/\/adwokatura.krakow.pl\/adwokaci-i-aplikanci\/wp-json\/wp\/v2\/posts\/3942","targetHints":{"allow":["GET"]}}],"collection":[{"href":"https:\/\/adwokatura.krakow.pl\/adwokaci-i-aplikanci\/wp-json\/wp\/v2\/posts"}],"about":[{"href":"https:\/\/adwokatura.krakow.pl\/adwokaci-i-aplikanci\/wp-json\/wp\/v2\/types\/post"}],"author":[{"embeddable":true,"href":"https:\/\/adwokatura.krakow.pl\/adwokaci-i-aplikanci\/wp-json\/wp\/v2\/users\/9"}],"replies":[{"embeddable":true,"href":"https:\/\/adwokatura.krakow.pl\/adwokaci-i-aplikanci\/wp-json\/wp\/v2\/comments?post=3942"}],"version-history":[{"count":1,"href":"https:\/\/adwokatura.krakow.pl\/adwokaci-i-aplikanci\/wp-json\/wp\/v2\/posts\/3942\/revisions"}],"predecessor-version":[{"id":3944,"href":"https:\/\/adwokatura.krakow.pl\/adwokaci-i-aplikanci\/wp-json\/wp\/v2\/posts\/3942\/revisions\/3944"}],"wp:attachment":[{"href":"https:\/\/adwokatura.krakow.pl\/adwokaci-i-aplikanci\/wp-json\/wp\/v2\/media?parent=3942"}],"wp:term":[{"taxonomy":"category","embeddable":true,"href":"https:\/\/adwokatura.krakow.pl\/adwokaci-i-aplikanci\/wp-json\/wp\/v2\/categories?post=3942"},{"taxonomy":"post_tag","embeddable":true,"href":"https:\/\/adwokatura.krakow.pl\/adwokaci-i-aplikanci\/wp-json\/wp\/v2\/tags?post=3942"}],"curies":[{"name":"wp","href":"https:\/\/api.w.org\/{rel}","templated":true}]}}