{"id":3945,"date":"2024-05-23T09:40:56","date_gmt":"2024-05-23T07:40:56","guid":{"rendered":"https:\/\/adwokatura.krakow.pl\/adwokaci-i-aplikanci\/?p=3945"},"modified":"2024-05-23T09:40:57","modified_gmt":"2024-05-23T07:40:57","slug":"milo-nam-poinformowac","status":"publish","type":"post","link":"https:\/\/adwokatura.krakow.pl\/adwokaci-i-aplikanci\/milo-nam-poinformowac\/","title":{"rendered":"Milo nam poinformowa\u0107.."},"content":{"rendered":"\n<figure class=\"wp-block-image size-full is-resized\"><img loading=\"lazy\" decoding=\"async\" width=\"526\" height=\"891\" src=\"https:\/\/adwokatura.krakow.pl\/adwokaci-i-aplikanci\/wp-content\/uploads\/sites\/2\/2024\/05\/442467651_1008198471308942_1027062472862455904_n.jpg\" alt=\"\" class=\"wp-image-3946\" style=\"width:309px;height:auto\" srcset=\"https:\/\/adwokatura.krakow.pl\/adwokaci-i-aplikanci\/wp-content\/uploads\/sites\/2\/2024\/05\/442467651_1008198471308942_1027062472862455904_n.jpg 526w, https:\/\/adwokatura.krakow.pl\/adwokaci-i-aplikanci\/wp-content\/uploads\/sites\/2\/2024\/05\/442467651_1008198471308942_1027062472862455904_n-177x300.jpg 177w\" sizes=\"auto, (max-width: 526px) 100vw, 526px\" \/><\/figure>\n\n\n\n<p>Mi\u0142o nam poinformowa\u0107, i\u017c uchwa\u0142\u0105 ORA do sk\u0142adu Referatu Skarg i wniosk\u00f3w do\u0142\u0105czy\u0142a Pani Mecenas Malwina Cicho\u0144ska.<\/p>\n\n\n\n<p>Serdecznie gratulujemy i witamy na pok\u0142adzie <\/p>\n\n\n\n<p><em>Aleksander Gut<\/em><\/p>\n","protected":false},"excerpt":{"rendered":"<p>Mi\u0142o nam poinformowa\u0107, i\u017c uchwa\u0142\u0105 ORA do sk\u0142adu Referatu Skarg i wniosk\u00f3w do\u0142\u0105czy\u0142a Pani Mecenas Malwina Cicho\u0144ska. Serdecznie gratulujemy i witamy na pok\u0142adzie Aleksander Gut<\/p>\n","protected":false},"author":9,"featured_media":0,"comment_status":"closed","ping_status":"closed","sticky":false,"template":"","format":"standard","meta":{"_acf_changed":false,"inline_featured_image":false,"footnotes":""},"categories":[6],"tags":[],"class_list":["post-3945","post","type-post","status-publish","format-standard","hentry","category-artykuly"],"acf":[],"_links":{"self":[{"href":"https:\/\/adwokatura.krakow.pl\/adwokaci-i-aplikanci\/wp-json\/wp\/v2\/posts\/3945","targetHints":{"allow":["GET"]}}],"collection":[{"href":"https:\/\/adwokatura.krakow.pl\/adwokaci-i-aplikanci\/wp-json\/wp\/v2\/posts"}],"about":[{"href":"https:\/\/adwokatura.krakow.pl\/adwokaci-i-aplikanci\/wp-json\/wp\/v2\/types\/post"}],"author":[{"embeddable":true,"href":"https:\/\/adwokatura.krakow.pl\/adwokaci-i-aplikanci\/wp-json\/wp\/v2\/users\/9"}],"replies":[{"embeddable":true,"href":"https:\/\/adwokatura.krakow.pl\/adwokaci-i-aplikanci\/wp-json\/wp\/v2\/comments?post=3945"}],"version-history":[{"count":1,"href":"https:\/\/adwokatura.krakow.pl\/adwokaci-i-aplikanci\/wp-json\/wp\/v2\/posts\/3945\/revisions"}],"predecessor-version":[{"id":3947,"href":"https:\/\/adwokatura.krakow.pl\/adwokaci-i-aplikanci\/wp-json\/wp\/v2\/posts\/3945\/revisions\/3947"}],"wp:attachment":[{"href":"https:\/\/adwokatura.krakow.pl\/adwokaci-i-aplikanci\/wp-json\/wp\/v2\/media?parent=3945"}],"wp:term":[{"taxonomy":"category","embeddable":true,"href":"https:\/\/adwokatura.krakow.pl\/adwokaci-i-aplikanci\/wp-json\/wp\/v2\/categories?post=3945"},{"taxonomy":"post_tag","embeddable":true,"href":"https:\/\/adwokatura.krakow.pl\/adwokaci-i-aplikanci\/wp-json\/wp\/v2\/tags?post=3945"}],"curies":[{"name":"wp","href":"https:\/\/api.w.org\/{rel}","templated":true}]}}