{"id":3948,"date":"2024-05-23T09:42:51","date_gmt":"2024-05-23T07:42:51","guid":{"rendered":"https:\/\/adwokatura.krakow.pl\/adwokaci-i-aplikanci\/?p=3948"},"modified":"2024-05-23T09:57:09","modified_gmt":"2024-05-23T07:57:09","slug":"zgromadzenie-izby-adwokackiej-w-bielsku","status":"publish","type":"post","link":"https:\/\/adwokatura.krakow.pl\/adwokaci-i-aplikanci\/zgromadzenie-izby-adwokackiej-w-bielsku\/","title":{"rendered":"Relacja ze Zgromadzenia Izby Adwokackiej w Bielsku"},"content":{"rendered":"\n<figure class=\"wp-block-image size-large is-resized\"><img loading=\"lazy\" decoding=\"async\" width=\"1024\" height=\"768\" src=\"https:\/\/adwokatura.krakow.pl\/adwokaci-i-aplikanci\/wp-content\/uploads\/sites\/2\/2024\/05\/442405520_1008256694636453_3122800907623304968_n-1024x768.jpg\" alt=\"\" class=\"wp-image-3949\" style=\"width:417px;height:auto\" srcset=\"https:\/\/adwokatura.krakow.pl\/adwokaci-i-aplikanci\/wp-content\/uploads\/sites\/2\/2024\/05\/442405520_1008256694636453_3122800907623304968_n-1024x768.jpg 1024w, https:\/\/adwokatura.krakow.pl\/adwokaci-i-aplikanci\/wp-content\/uploads\/sites\/2\/2024\/05\/442405520_1008256694636453_3122800907623304968_n-300x225.jpg 300w, https:\/\/adwokatura.krakow.pl\/adwokaci-i-aplikanci\/wp-content\/uploads\/sites\/2\/2024\/05\/442405520_1008256694636453_3122800907623304968_n-768x576.jpg 768w, https:\/\/adwokatura.krakow.pl\/adwokaci-i-aplikanci\/wp-content\/uploads\/sites\/2\/2024\/05\/442405520_1008256694636453_3122800907623304968_n-1536x1152.jpg 1536w, https:\/\/adwokatura.krakow.pl\/adwokaci-i-aplikanci\/wp-content\/uploads\/sites\/2\/2024\/05\/442405520_1008256694636453_3122800907623304968_n.jpg 1600w\" sizes=\"auto, (max-width: 1024px) 100vw, 1024px\" \/><\/figure>\n\n\n\n<figure class=\"wp-block-image size-large is-resized\"><img loading=\"lazy\" decoding=\"async\" width=\"1024\" height=\"768\" src=\"https:\/\/adwokatura.krakow.pl\/adwokaci-i-aplikanci\/wp-content\/uploads\/sites\/2\/2024\/05\/442421280_1008256704636452_5160732321407908352_n-1024x768.jpg\" alt=\"\" class=\"wp-image-3950\" style=\"width:414px;height:auto\" srcset=\"https:\/\/adwokatura.krakow.pl\/adwokaci-i-aplikanci\/wp-content\/uploads\/sites\/2\/2024\/05\/442421280_1008256704636452_5160732321407908352_n-1024x768.jpg 1024w, https:\/\/adwokatura.krakow.pl\/adwokaci-i-aplikanci\/wp-content\/uploads\/sites\/2\/2024\/05\/442421280_1008256704636452_5160732321407908352_n-300x225.jpg 300w, https:\/\/adwokatura.krakow.pl\/adwokaci-i-aplikanci\/wp-content\/uploads\/sites\/2\/2024\/05\/442421280_1008256704636452_5160732321407908352_n-768x576.jpg 768w, https:\/\/adwokatura.krakow.pl\/adwokaci-i-aplikanci\/wp-content\/uploads\/sites\/2\/2024\/05\/442421280_1008256704636452_5160732321407908352_n-1536x1152.jpg 1536w, https:\/\/adwokatura.krakow.pl\/adwokaci-i-aplikanci\/wp-content\/uploads\/sites\/2\/2024\/05\/442421280_1008256704636452_5160732321407908352_n.jpg 1600w\" sizes=\"auto, (max-width: 1024px) 100vw, 1024px\" \/><\/figure>\n\n\n\n<p><strong>Dziekana Aleksandra Guta podr\u00f3\u017ce ma\u0142e i du\u017ce<\/strong><\/p>\n\n\n\n<p>W dniu 16 Maja odby\u0142o si\u0119 Zgromadzenie Izby Adwokackiej w Bielsku<\/p>\n\n\n\n<p>Dzi\u0119kujemy za cudown\u0105 atmosfer\u0119 Panu Dziekanowi Krzysztofowi Stecowi i \u015blemy pozdrowienia dla Cz\u0142onk\u00f3w Izby bielskiej <\/p>\n","protected":false},"excerpt":{"rendered":"<p>Dziekana Aleksandra Guta podr\u00f3\u017ce ma\u0142e i du\u017ce W dniu 16 Maja odby\u0142o si\u0119 Zgromadzenie Izby Adwokackiej w Bielsku Dzi\u0119kujemy za cudown\u0105 atmosfer\u0119 Panu Dziekanowi Krzysztofowi Stecowi i \u015blemy pozdrowienia dla Cz\u0142onk\u00f3w Izby bielskiej<\/p>\n","protected":false},"author":9,"featured_media":0,"comment_status":"closed","ping_status":"closed","sticky":false,"template":"","format":"standard","meta":{"_acf_changed":false,"inline_featured_image":false,"footnotes":""},"categories":[6],"tags":[],"class_list":["post-3948","post","type-post","status-publish","format-standard","hentry","category-artykuly"],"acf":[],"_links":{"self":[{"href":"https:\/\/adwokatura.krakow.pl\/adwokaci-i-aplikanci\/wp-json\/wp\/v2\/posts\/3948","targetHints":{"allow":["GET"]}}],"collection":[{"href":"https:\/\/adwokatura.krakow.pl\/adwokaci-i-aplikanci\/wp-json\/wp\/v2\/posts"}],"about":[{"href":"https:\/\/adwokatura.krakow.pl\/adwokaci-i-aplikanci\/wp-json\/wp\/v2\/types\/post"}],"author":[{"embeddable":true,"href":"https:\/\/adwokatura.krakow.pl\/adwokaci-i-aplikanci\/wp-json\/wp\/v2\/users\/9"}],"replies":[{"embeddable":true,"href":"https:\/\/adwokatura.krakow.pl\/adwokaci-i-aplikanci\/wp-json\/wp\/v2\/comments?post=3948"}],"version-history":[{"count":2,"href":"https:\/\/adwokatura.krakow.pl\/adwokaci-i-aplikanci\/wp-json\/wp\/v2\/posts\/3948\/revisions"}],"predecessor-version":[{"id":3969,"href":"https:\/\/adwokatura.krakow.pl\/adwokaci-i-aplikanci\/wp-json\/wp\/v2\/posts\/3948\/revisions\/3969"}],"wp:attachment":[{"href":"https:\/\/adwokatura.krakow.pl\/adwokaci-i-aplikanci\/wp-json\/wp\/v2\/media?parent=3948"}],"wp:term":[{"taxonomy":"category","embeddable":true,"href":"https:\/\/adwokatura.krakow.pl\/adwokaci-i-aplikanci\/wp-json\/wp\/v2\/categories?post=3948"},{"taxonomy":"post_tag","embeddable":true,"href":"https:\/\/adwokatura.krakow.pl\/adwokaci-i-aplikanci\/wp-json\/wp\/v2\/tags?post=3948"}],"curies":[{"name":"wp","href":"https:\/\/api.w.org\/{rel}","templated":true}]}}