{"id":3952,"date":"2024-05-23T09:46:16","date_gmt":"2024-05-23T07:46:16","guid":{"rendered":"https:\/\/adwokatura.krakow.pl\/adwokaci-i-aplikanci\/?p=3952"},"modified":"2024-05-23T09:52:26","modified_gmt":"2024-05-23T07:52:26","slug":"rozdanie-nagrod-laureatom-izbowego-konkursu-krasomowczego","status":"publish","type":"post","link":"https:\/\/adwokatura.krakow.pl\/adwokaci-i-aplikanci\/rozdanie-nagrod-laureatom-izbowego-konkursu-krasomowczego\/","title":{"rendered":"Rozdanie nagr\u00f3d Laureatom Izbowego konkursu Krasom\u00f3wczego"},"content":{"rendered":"\n<div class=\"wp-block-columns is-layout-flex wp-container-core-columns-is-layout-9d6595d7 wp-block-columns-is-layout-flex\">\n<div class=\"wp-block-column is-layout-flow wp-block-column-is-layout-flow\">\n<figure class=\"wp-block-image size-large\"><img loading=\"lazy\" decoding=\"async\" width=\"1024\" height=\"683\" src=\"https:\/\/adwokatura.krakow.pl\/adwokaci-i-aplikanci\/wp-content\/uploads\/sites\/2\/2024\/05\/436597970_1011450944317028_8713332631901313156_n-1024x683.jpg\" alt=\"\" class=\"wp-image-3953\" srcset=\"https:\/\/adwokatura.krakow.pl\/adwokaci-i-aplikanci\/wp-content\/uploads\/sites\/2\/2024\/05\/436597970_1011450944317028_8713332631901313156_n-1024x683.jpg 1024w, https:\/\/adwokatura.krakow.pl\/adwokaci-i-aplikanci\/wp-content\/uploads\/sites\/2\/2024\/05\/436597970_1011450944317028_8713332631901313156_n-300x200.jpg 300w, https:\/\/adwokatura.krakow.pl\/adwokaci-i-aplikanci\/wp-content\/uploads\/sites\/2\/2024\/05\/436597970_1011450944317028_8713332631901313156_n-768x512.jpg 768w, https:\/\/adwokatura.krakow.pl\/adwokaci-i-aplikanci\/wp-content\/uploads\/sites\/2\/2024\/05\/436597970_1011450944317028_8713332631901313156_n-1536x1024.jpg 1536w, https:\/\/adwokatura.krakow.pl\/adwokaci-i-aplikanci\/wp-content\/uploads\/sites\/2\/2024\/05\/436597970_1011450944317028_8713332631901313156_n.jpg 2048w\" sizes=\"auto, (max-width: 1024px) 100vw, 1024px\" \/><\/figure>\n<\/div>\n\n\n\n<div class=\"wp-block-column is-layout-flow wp-block-column-is-layout-flow\">\n<figure class=\"wp-block-image size-large\"><img loading=\"lazy\" decoding=\"async\" width=\"1024\" height=\"683\" src=\"https:\/\/adwokatura.krakow.pl\/adwokaci-i-aplikanci\/wp-content\/uploads\/sites\/2\/2024\/05\/441970161_1011450947650361_3712387180059413383_n-1024x683.jpg\" alt=\"\" class=\"wp-image-3954\" srcset=\"https:\/\/adwokatura.krakow.pl\/adwokaci-i-aplikanci\/wp-content\/uploads\/sites\/2\/2024\/05\/441970161_1011450947650361_3712387180059413383_n-1024x683.jpg 1024w, https:\/\/adwokatura.krakow.pl\/adwokaci-i-aplikanci\/wp-content\/uploads\/sites\/2\/2024\/05\/441970161_1011450947650361_3712387180059413383_n-300x200.jpg 300w, https:\/\/adwokatura.krakow.pl\/adwokaci-i-aplikanci\/wp-content\/uploads\/sites\/2\/2024\/05\/441970161_1011450947650361_3712387180059413383_n-768x512.jpg 768w, https:\/\/adwokatura.krakow.pl\/adwokaci-i-aplikanci\/wp-content\/uploads\/sites\/2\/2024\/05\/441970161_1011450947650361_3712387180059413383_n-1536x1024.jpg 1536w, https:\/\/adwokatura.krakow.pl\/adwokaci-i-aplikanci\/wp-content\/uploads\/sites\/2\/2024\/05\/441970161_1011450947650361_3712387180059413383_n.jpg 2048w\" sizes=\"auto, (max-width: 1024px) 100vw, 1024px\" \/><\/figure>\n<\/div>\n\n\n\n<div class=\"wp-block-column is-layout-flow wp-block-column-is-layout-flow\">\n<figure class=\"wp-block-image size-large\"><img loading=\"lazy\" decoding=\"async\" width=\"1024\" height=\"683\" src=\"https:\/\/adwokatura.krakow.pl\/adwokaci-i-aplikanci\/wp-content\/uploads\/sites\/2\/2024\/05\/445169883_1011451170983672_3552214629424924535_n-1024x683.jpg\" alt=\"\" class=\"wp-image-3955\" srcset=\"https:\/\/adwokatura.krakow.pl\/adwokaci-i-aplikanci\/wp-content\/uploads\/sites\/2\/2024\/05\/445169883_1011451170983672_3552214629424924535_n-1024x683.jpg 1024w, https:\/\/adwokatura.krakow.pl\/adwokaci-i-aplikanci\/wp-content\/uploads\/sites\/2\/2024\/05\/445169883_1011451170983672_3552214629424924535_n-300x200.jpg 300w, https:\/\/adwokatura.krakow.pl\/adwokaci-i-aplikanci\/wp-content\/uploads\/sites\/2\/2024\/05\/445169883_1011451170983672_3552214629424924535_n-768x512.jpg 768w, https:\/\/adwokatura.krakow.pl\/adwokaci-i-aplikanci\/wp-content\/uploads\/sites\/2\/2024\/05\/445169883_1011451170983672_3552214629424924535_n-1536x1024.jpg 1536w, https:\/\/adwokatura.krakow.pl\/adwokaci-i-aplikanci\/wp-content\/uploads\/sites\/2\/2024\/05\/445169883_1011451170983672_3552214629424924535_n.jpg 2048w\" sizes=\"auto, (max-width: 1024px) 100vw, 1024px\" \/><\/figure>\n<\/div>\n<\/div>\n\n\n\n<div class=\"wp-block-columns is-layout-flex wp-container-core-columns-is-layout-9d6595d7 wp-block-columns-is-layout-flex\">\n<div class=\"wp-block-column is-layout-flow wp-block-column-is-layout-flow\">\n<figure class=\"wp-block-image size-large\"><img loading=\"lazy\" decoding=\"async\" width=\"1024\" height=\"683\" src=\"https:\/\/adwokatura.krakow.pl\/adwokaci-i-aplikanci\/wp-content\/uploads\/sites\/2\/2024\/05\/441955100_1011450964317026_3388599073120608215_n-1024x683.jpg\" alt=\"\" class=\"wp-image-3956\" srcset=\"https:\/\/adwokatura.krakow.pl\/adwokaci-i-aplikanci\/wp-content\/uploads\/sites\/2\/2024\/05\/441955100_1011450964317026_3388599073120608215_n-1024x683.jpg 1024w, https:\/\/adwokatura.krakow.pl\/adwokaci-i-aplikanci\/wp-content\/uploads\/sites\/2\/2024\/05\/441955100_1011450964317026_3388599073120608215_n-300x200.jpg 300w, https:\/\/adwokatura.krakow.pl\/adwokaci-i-aplikanci\/wp-content\/uploads\/sites\/2\/2024\/05\/441955100_1011450964317026_3388599073120608215_n-768x512.jpg 768w, https:\/\/adwokatura.krakow.pl\/adwokaci-i-aplikanci\/wp-content\/uploads\/sites\/2\/2024\/05\/441955100_1011450964317026_3388599073120608215_n-1536x1024.jpg 1536w, https:\/\/adwokatura.krakow.pl\/adwokaci-i-aplikanci\/wp-content\/uploads\/sites\/2\/2024\/05\/441955100_1011450964317026_3388599073120608215_n.jpg 2048w\" sizes=\"auto, (max-width: 1024px) 100vw, 1024px\" \/><\/figure>\n<\/div>\n\n\n\n<div class=\"wp-block-column is-layout-flow wp-block-column-is-layout-flow\">\n<figure class=\"wp-block-image size-large\"><img loading=\"lazy\" decoding=\"async\" width=\"1024\" height=\"683\" src=\"https:\/\/adwokatura.krakow.pl\/adwokaci-i-aplikanci\/wp-content\/uploads\/sites\/2\/2024\/05\/445089040_1011450934317029_3214098546245780131_n-1024x683.jpg\" alt=\"\" class=\"wp-image-3957\" srcset=\"https:\/\/adwokatura.krakow.pl\/adwokaci-i-aplikanci\/wp-content\/uploads\/sites\/2\/2024\/05\/445089040_1011450934317029_3214098546245780131_n-1024x683.jpg 1024w, https:\/\/adwokatura.krakow.pl\/adwokaci-i-aplikanci\/wp-content\/uploads\/sites\/2\/2024\/05\/445089040_1011450934317029_3214098546245780131_n-300x200.jpg 300w, https:\/\/adwokatura.krakow.pl\/adwokaci-i-aplikanci\/wp-content\/uploads\/sites\/2\/2024\/05\/445089040_1011450934317029_3214098546245780131_n-768x512.jpg 768w, https:\/\/adwokatura.krakow.pl\/adwokaci-i-aplikanci\/wp-content\/uploads\/sites\/2\/2024\/05\/445089040_1011450934317029_3214098546245780131_n-1536x1024.jpg 1536w, https:\/\/adwokatura.krakow.pl\/adwokaci-i-aplikanci\/wp-content\/uploads\/sites\/2\/2024\/05\/445089040_1011450934317029_3214098546245780131_n.jpg 2048w\" sizes=\"auto, (max-width: 1024px) 100vw, 1024px\" \/><\/figure>\n<\/div>\n\n\n\n<div class=\"wp-block-column is-layout-flow wp-block-column-is-layout-flow\">\n<figure class=\"wp-block-image size-large\"><img loading=\"lazy\" decoding=\"async\" width=\"1024\" height=\"683\" src=\"https:\/\/adwokatura.krakow.pl\/adwokaci-i-aplikanci\/wp-content\/uploads\/sites\/2\/2024\/05\/441954410_1011450874317035_2109432945065444866_n-1024x683.jpg\" alt=\"\" class=\"wp-image-3958\" srcset=\"https:\/\/adwokatura.krakow.pl\/adwokaci-i-aplikanci\/wp-content\/uploads\/sites\/2\/2024\/05\/441954410_1011450874317035_2109432945065444866_n-1024x683.jpg 1024w, https:\/\/adwokatura.krakow.pl\/adwokaci-i-aplikanci\/wp-content\/uploads\/sites\/2\/2024\/05\/441954410_1011450874317035_2109432945065444866_n-300x200.jpg 300w, https:\/\/adwokatura.krakow.pl\/adwokaci-i-aplikanci\/wp-content\/uploads\/sites\/2\/2024\/05\/441954410_1011450874317035_2109432945065444866_n-768x512.jpg 768w, https:\/\/adwokatura.krakow.pl\/adwokaci-i-aplikanci\/wp-content\/uploads\/sites\/2\/2024\/05\/441954410_1011450874317035_2109432945065444866_n-1536x1024.jpg 1536w, https:\/\/adwokatura.krakow.pl\/adwokaci-i-aplikanci\/wp-content\/uploads\/sites\/2\/2024\/05\/441954410_1011450874317035_2109432945065444866_n.jpg 2048w\" sizes=\"auto, (max-width: 1024px) 100vw, 1024px\" \/><\/figure>\n<\/div>\n<\/div>\n\n\n\n<p><em>Czy retoryka jest dzisiaj potrzebna? Czy wracamy do czas\u00f3w pisma obrazkowego? Czy jest sens wykorzystywa\u0107 w retoryce prawniczej nawi\u0105zania kulturowe? Te pytania towarzyszy\u0142y wr\u0119czeniu nagr\u00f3d w tegorocznym Izbowym Konkursie Krasom\u00f3wczym.<\/em><\/p>\n\n\n\n<p><em>Specjalne wyr\u00f3\u017cnienia, gdzie nagrod\u0119 ufundowa\u0142 Prezes OBA Pawe\u0142 Gieras, otrzymali aplikanci pierwszego roku: Marcel Le\u017co\u0144 i Aleksander Kulpa. Zapewne zobaczymy jeszcze te osoby w kolejnych edycjach, bo wyr\u00f3\u017cnienie to jest dobrym prognostykiem.<\/em><\/p>\n\n\n\n<p><em>Wyr\u00f3\u017cnienie otrzyma\u0142o 13 aplikant\u00f3w, co pokazuje, \u017ce poziom konkursu z roku na rok jest coraz wy\u017cszym. A byli nimi: Natalia Starzyk, Paulina Tempi\u0144ska, Marta Lewko \u2013 Walczak, Magdalena Michniewska, Weronika Paw\u0142owska, Joanna Bana\u015b, Ma\u0142gorzata \u0106wik, Paulina Germann, Joanna G\u0142owacka, Artur Jagie\u0142\u0142o, Kamil Stengert, \u0141ukasz Szymczak, Krzysztof Tkaczuk.<\/em>\u00a0\u00a0\u00a0 \u00a0<\/p>\n\n\n\n<p><em>III miejsce ex aequo zaj\u0119li Angelika Kuk \u2013 Zi\u0119ba i Tomasz Jan Janas.<\/em><\/p>\n\n\n\n<p><em>Krakowsk\u0105 Izb\u0119 Adwokack\u0105 w dalszych zmaganiach krasom\u00f3wczych b\u0119d\u0105 reprezentowa\u0107: Anna Buczek, kt\u00f3ra zaj\u0119\u0142a II miejsce oraz zwyci\u0119zca tegorocznego Konkursu Adrian Go\u0142\u0105b.<\/em><\/p>\n\n\n\n<p><em>Nagrodzonych dekorowa\u0142o jury konkursu: prof. Ma\u0142gorzata Bielska, Wicedziekan Magdalena Maciukiewicz, Przemys\u0142aw Firek, adw. Wojciech Bergier, Prezes OBA Pawe\u0142 Gieras, Dziekan Alekander Gut. <\/em><\/p>\n\n\n\n<p><em>Na pytania postawione powy\u017cej pr\u00f3bowali odpowiedzie\u0107: adw. Stanis\u0142aw Ja\u017awiecki, adw. Wojciech Bergier i adw. Joanna Wso\u0142ek, a kanw\u0105 rozwa\u017ca\u0144 by\u0142a poezja Zbigniewa Herberta, kt\u00f3r\u0105 prezentowali arty\u015bci: Sylwia Fr\u0105czek (wokal), Maciej Nie\u0107 (fortepian), aktor Teatru STU Kamil Pudlik. Uroczysto\u015b\u0107 poprowadzi\u0142 adw. Piotr Rachwa\u0142.<\/em><\/p>\n","protected":false},"excerpt":{"rendered":"<p>Czy retoryka jest dzisiaj potrzebna? Czy wracamy do czas\u00f3w pisma obrazkowego? Czy jest sens wykorzystywa\u0107 w retoryce prawniczej nawi\u0105zania kulturowe? Te pytania towarzyszy\u0142y wr\u0119czeniu nagr\u00f3d w tegorocznym Izbowym Konkursie Krasom\u00f3wczym. Specjalne wyr\u00f3\u017cnienia, gdzie nagrod\u0119 ufundowa\u0142 Prezes OBA Pawe\u0142 Gieras, otrzymali aplikanci pierwszego roku: Marcel Le\u017co\u0144 i Aleksander Kulpa. Zapewne zobaczymy jeszcze te osoby w kolejnych [&hellip;]<\/p>\n","protected":false},"author":9,"featured_media":0,"comment_status":"closed","ping_status":"closed","sticky":false,"template":"","format":"standard","meta":{"_acf_changed":false,"inline_featured_image":false,"footnotes":""},"categories":[6],"tags":[],"class_list":["post-3952","post","type-post","status-publish","format-standard","hentry","category-artykuly"],"acf":[],"_links":{"self":[{"href":"https:\/\/adwokatura.krakow.pl\/adwokaci-i-aplikanci\/wp-json\/wp\/v2\/posts\/3952","targetHints":{"allow":["GET"]}}],"collection":[{"href":"https:\/\/adwokatura.krakow.pl\/adwokaci-i-aplikanci\/wp-json\/wp\/v2\/posts"}],"about":[{"href":"https:\/\/adwokatura.krakow.pl\/adwokaci-i-aplikanci\/wp-json\/wp\/v2\/types\/post"}],"author":[{"embeddable":true,"href":"https:\/\/adwokatura.krakow.pl\/adwokaci-i-aplikanci\/wp-json\/wp\/v2\/users\/9"}],"replies":[{"embeddable":true,"href":"https:\/\/adwokatura.krakow.pl\/adwokaci-i-aplikanci\/wp-json\/wp\/v2\/comments?post=3952"}],"version-history":[{"count":2,"href":"https:\/\/adwokatura.krakow.pl\/adwokaci-i-aplikanci\/wp-json\/wp\/v2\/posts\/3952\/revisions"}],"predecessor-version":[{"id":3961,"href":"https:\/\/adwokatura.krakow.pl\/adwokaci-i-aplikanci\/wp-json\/wp\/v2\/posts\/3952\/revisions\/3961"}],"wp:attachment":[{"href":"https:\/\/adwokatura.krakow.pl\/adwokaci-i-aplikanci\/wp-json\/wp\/v2\/media?parent=3952"}],"wp:term":[{"taxonomy":"category","embeddable":true,"href":"https:\/\/adwokatura.krakow.pl\/adwokaci-i-aplikanci\/wp-json\/wp\/v2\/categories?post=3952"},{"taxonomy":"post_tag","embeddable":true,"href":"https:\/\/adwokatura.krakow.pl\/adwokaci-i-aplikanci\/wp-json\/wp\/v2\/tags?post=3952"}],"curies":[{"name":"wp","href":"https:\/\/api.w.org\/{rel}","templated":true}]}}