{"id":3962,"date":"2024-05-23T09:55:08","date_gmt":"2024-05-23T07:55:08","guid":{"rendered":"https:\/\/adwokatura.krakow.pl\/adwokaci-i-aplikanci\/?p=3962"},"modified":"2024-05-23T09:55:09","modified_gmt":"2024-05-23T07:55:09","slug":"podziekowania","status":"publish","type":"post","link":"https:\/\/adwokatura.krakow.pl\/adwokaci-i-aplikanci\/podziekowania\/","title":{"rendered":"Podzi\u0119kowania"},"content":{"rendered":"\n<div class=\"wp-block-columns is-layout-flex wp-container-core-columns-is-layout-9d6595d7 wp-block-columns-is-layout-flex\">\n<div class=\"wp-block-column is-layout-flow wp-block-column-is-layout-flow\">\n<figure class=\"wp-block-image size-large\"><img loading=\"lazy\" decoding=\"async\" width=\"683\" height=\"1024\" src=\"https:\/\/adwokatura.krakow.pl\/adwokaci-i-aplikanci\/wp-content\/uploads\/sites\/2\/2024\/05\/441961502_1011469064315216_6969153485435195137_n-1-683x1024.jpg\" alt=\"\" class=\"wp-image-3964\" srcset=\"https:\/\/adwokatura.krakow.pl\/adwokaci-i-aplikanci\/wp-content\/uploads\/sites\/2\/2024\/05\/441961502_1011469064315216_6969153485435195137_n-1-683x1024.jpg 683w, https:\/\/adwokatura.krakow.pl\/adwokaci-i-aplikanci\/wp-content\/uploads\/sites\/2\/2024\/05\/441961502_1011469064315216_6969153485435195137_n-1-200x300.jpg 200w, https:\/\/adwokatura.krakow.pl\/adwokaci-i-aplikanci\/wp-content\/uploads\/sites\/2\/2024\/05\/441961502_1011469064315216_6969153485435195137_n-1-768x1151.jpg 768w, https:\/\/adwokatura.krakow.pl\/adwokaci-i-aplikanci\/wp-content\/uploads\/sites\/2\/2024\/05\/441961502_1011469064315216_6969153485435195137_n-1-1025x1536.jpg 1025w, https:\/\/adwokatura.krakow.pl\/adwokaci-i-aplikanci\/wp-content\/uploads\/sites\/2\/2024\/05\/441961502_1011469064315216_6969153485435195137_n-1.jpg 1344w\" sizes=\"auto, (max-width: 683px) 100vw, 683px\" \/><\/figure>\n<\/div>\n\n\n\n<div class=\"wp-block-column is-layout-flow wp-block-column-is-layout-flow\">\n<figure class=\"wp-block-image size-large is-resized\"><img loading=\"lazy\" decoding=\"async\" width=\"596\" height=\"1024\" src=\"https:\/\/adwokatura.krakow.pl\/adwokaci-i-aplikanci\/wp-content\/uploads\/sites\/2\/2024\/05\/441951837_1011469054315217_8532098541953771564_n-596x1024.jpg\" alt=\"\" class=\"wp-image-3965\" style=\"width:362px;height:auto\" srcset=\"https:\/\/adwokatura.krakow.pl\/adwokaci-i-aplikanci\/wp-content\/uploads\/sites\/2\/2024\/05\/441951837_1011469054315217_8532098541953771564_n-596x1024.jpg 596w, https:\/\/adwokatura.krakow.pl\/adwokaci-i-aplikanci\/wp-content\/uploads\/sites\/2\/2024\/05\/441951837_1011469054315217_8532098541953771564_n-175x300.jpg 175w, https:\/\/adwokatura.krakow.pl\/adwokaci-i-aplikanci\/wp-content\/uploads\/sites\/2\/2024\/05\/441951837_1011469054315217_8532098541953771564_n-768x1319.jpg 768w, https:\/\/adwokatura.krakow.pl\/adwokaci-i-aplikanci\/wp-content\/uploads\/sites\/2\/2024\/05\/441951837_1011469054315217_8532098541953771564_n-894x1536.jpg 894w, https:\/\/adwokatura.krakow.pl\/adwokaci-i-aplikanci\/wp-content\/uploads\/sites\/2\/2024\/05\/441951837_1011469054315217_8532098541953771564_n.jpg 1115w\" sizes=\"auto, (max-width: 596px) 100vw, 596px\" \/><\/figure>\n<\/div>\n<\/div>\n\n\n\n<p>Jest nam niebywale mi\u0142o poinformowa\u0107 \u017ce w dniu 22 Maja otrzymali\u015bmy podzi\u0119kowania za przekazanie darowizny finansowej w ramach XV Edycji Akcji Charytatywnej &#8222;Prawnicy Chorym Dzieciom&#8221; &#8211; w tym roku kolejna edycja<\/p>\n\n\n\n<p><a href=\"http:\/\/www.prawnicydzieciom.pl\/?fbclid=IwZXh0bgNhZW0CMTAAAR0lKVWm3mezE2ek83lkQD1n4OYXPCc635aVUbt012Q0qXxYp3RP7vwQnS4_aem_AWv07y4RWzwAt3Pd_6oHYFdJm0WGFdNps8iBvLBeR6ctpF5AAFfcVQuHE_45Xo_sFg4FVqx6eXUXDhkho5st5h0y\" rel=\"noreferrer noopener\" target=\"_blank\">www.PrawnicyDzieciom.pl<\/a><\/p>\n\n\n\n<p><em>Aleksander Gut i Dariusz Gradzi<\/em><\/p>\n","protected":false},"excerpt":{"rendered":"<p>Jest nam niebywale mi\u0142o poinformowa\u0107 \u017ce w dniu 22 Maja otrzymali\u015bmy podzi\u0119kowania za przekazanie darowizny finansowej w ramach XV Edycji Akcji Charytatywnej &#8222;Prawnicy Chorym Dzieciom&#8221; &#8211; w tym roku kolejna edycja www.PrawnicyDzieciom.pl Aleksander Gut i Dariusz Gradzi<\/p>\n","protected":false},"author":9,"featured_media":0,"comment_status":"closed","ping_status":"closed","sticky":false,"template":"","format":"standard","meta":{"_acf_changed":false,"inline_featured_image":false,"footnotes":""},"categories":[6],"tags":[],"class_list":["post-3962","post","type-post","status-publish","format-standard","hentry","category-artykuly"],"acf":[],"_links":{"self":[{"href":"https:\/\/adwokatura.krakow.pl\/adwokaci-i-aplikanci\/wp-json\/wp\/v2\/posts\/3962","targetHints":{"allow":["GET"]}}],"collection":[{"href":"https:\/\/adwokatura.krakow.pl\/adwokaci-i-aplikanci\/wp-json\/wp\/v2\/posts"}],"about":[{"href":"https:\/\/adwokatura.krakow.pl\/adwokaci-i-aplikanci\/wp-json\/wp\/v2\/types\/post"}],"author":[{"embeddable":true,"href":"https:\/\/adwokatura.krakow.pl\/adwokaci-i-aplikanci\/wp-json\/wp\/v2\/users\/9"}],"replies":[{"embeddable":true,"href":"https:\/\/adwokatura.krakow.pl\/adwokaci-i-aplikanci\/wp-json\/wp\/v2\/comments?post=3962"}],"version-history":[{"count":1,"href":"https:\/\/adwokatura.krakow.pl\/adwokaci-i-aplikanci\/wp-json\/wp\/v2\/posts\/3962\/revisions"}],"predecessor-version":[{"id":3966,"href":"https:\/\/adwokatura.krakow.pl\/adwokaci-i-aplikanci\/wp-json\/wp\/v2\/posts\/3962\/revisions\/3966"}],"wp:attachment":[{"href":"https:\/\/adwokatura.krakow.pl\/adwokaci-i-aplikanci\/wp-json\/wp\/v2\/media?parent=3962"}],"wp:term":[{"taxonomy":"category","embeddable":true,"href":"https:\/\/adwokatura.krakow.pl\/adwokaci-i-aplikanci\/wp-json\/wp\/v2\/categories?post=3962"},{"taxonomy":"post_tag","embeddable":true,"href":"https:\/\/adwokatura.krakow.pl\/adwokaci-i-aplikanci\/wp-json\/wp\/v2\/tags?post=3962"}],"curies":[{"name":"wp","href":"https:\/\/api.w.org\/{rel}","templated":true}]}}