{"id":4015,"date":"2024-06-03T09:20:01","date_gmt":"2024-06-03T07:20:01","guid":{"rendered":"https:\/\/adwokatura.krakow.pl\/adwokaci-i-aplikanci\/?p=4015"},"modified":"2024-09-23T12:36:20","modified_gmt":"2024-09-23T10:36:20","slug":"ogloszenie-o-egzaminie-wstepnym-na-aplikacje-adwokacka-w-2024-r","status":"publish","type":"post","link":"https:\/\/adwokatura.krakow.pl\/adwokaci-i-aplikanci\/ogloszenie-o-egzaminie-wstepnym-na-aplikacje-adwokacka-w-2024-r\/","title":{"rendered":"Og\u0142oszenie o egzaminie wst\u0119pnym na aplikacj\u0119 adwokack\u0105 w 2024 r."},"content":{"rendered":"\n<p><strong>Zawiadomienie o terminie i miejscu przeprowadzenia egzaminu wst\u0119pnego na aplikacj\u0119 adwokack\u0105 na obszarze w\u0142a\u015bciwo\u015bci Okr\u0119gowej Rady Adwokackiej w Krakowie<\/strong><\/p>\n\n\n\n<p>Komisja Egzaminacyjna do spraw aplikacji adwokackiej przy Ministrze Sprawiedliwo\u015bci z siedzib\u0105 w Krakowie zawiadamia, \u017ce egzamin wst\u0119pny odb\u0119dzie si\u0119 w <strong><u>sobot\u0119, w dniu 28 wrze\u015bnia 2024 roku<\/u>, <\/strong>w sali konferencyjnej \u201eKrak\u00f3w\u201d, hotelu DoubleTree by Hilton Krakow Hotel &amp; Convention Center, ul. D\u0105bska 5 w Krakowie.<\/p>\n\n\n\n<p>Szczeg\u00f3\u0142y lokalizacji sali egzaminacyjnej znajduj\u0105 si\u0119 stronie hotelu:<\/p>\n\n\n\n<p><a href=\"http:\/\/www.hiltonhotels.com\/pl_PL\/polska\/doubletree-by-hilton-krakow-hotel-and-convention-center\/\">http:\/\/www.hiltonhotels.com\/pl_PL\/polska\/doubletree-by-hilton-krakow-hotel-and-convention-center\/<\/a><\/p>\n\n\n\n<p>Prosimy o zabranie ze sob\u0105 dowodu osobistego lub innego dokumentu stwierdzaj\u0105cego to\u017csamo\u015b\u0107 ze zdj\u0119ciem i przybycie o <strong>godz. 9.00,<\/strong> o kt\u00f3rej to godzinie Komisja Egzaminacyjna rozpocznie rejestracj\u0119 kandydat\u00f3w.<\/p>\n\n\n\n<p>Egzamin rozpocznie si\u0119 o <strong>godz. 11.00<\/strong>.<\/p>\n\n\n\n<p>Stawienie si\u0119 przez kandydata na egzamin po jego rozpocz\u0119ciu, bez wzgl\u0119du na przyczyn\u0119, uwa\u017ca si\u0119 za odst\u0105pienie od udzia\u0142u w egzaminie.<\/p>\n\n\n\n<p>__________________________________________________________________________________________________<\/p>\n\n\n\n<p><\/p>\n\n\n\n<ul class=\"wp-block-list\">\n<li><strong>Og\u0142oszenie o egzaminie wst\u0119pnym na aplikacj\u0119 adwokack\u0105 w 2024 r.<\/strong><\/li>\n\n\n\n<li>24.05.2024<\/li>\n\n\n\n<li><strong>Minister Sprawiedliwo\u015bci<\/strong>&nbsp;na podstawie art. 75a ust. 4 i art. 75c ust. 1 ustawy z dnia 26 maja 1982 r. &#8211; Prawo o adwokaturze (Dz. U. z 2022 r. poz. 1184, z p\u00f3\u017an. zm.),&nbsp;<strong>wyznacza termin egzaminu wst\u0119pnego na aplikacj\u0119 adwokack\u0105 na dzie\u0144 28 wrze\u015bnia 2024 r. (sobota) godz. 11.00.<\/strong><\/li>\n\n\n\n<li>Zg\u0142oszenie o przyst\u0105pieniu do egzaminu wst\u0119pnego na aplikacj\u0119 adwokack\u0105 nale\u017cy z\u0142o\u017cy\u0107 w siedzibie komisji kwalifikacyjnej. Siedziby komisji kwalifikacyjnych mieszcz\u0105 si\u0119 w siedzibach okr\u0119gowych rad adwokackich w:<\/li>\n\n\n\n<li><strong>I. Bia\u0142ymstoku<\/strong>, ul. Przejazd 2A, kod 15-430, dla obszaru w\u0142a\u015bciwo\u015bci Okr\u0119gowych Rad Adwokackich w:<\/li>\n\n\n\n<li>Bia\u0142ymstoku&nbsp;obejmuj\u0105cej swym zasi\u0119giem dzia\u0142ania powiaty: augustowski, bia\u0142ostocki, bielski, go\u0142dapski, grajewski, hajnowski, kolne\u0144ski, \u0142om\u017cy\u0144ski, moniecki, sejne\u0144ski, siemiatycki, sok\u00f3lski, suwalski, w\u0119gorzewski, wysokomazowiecki, zambrowski, e\u0142cki, gi\u017cycki, olecki, piski i miasta na prawach powiatu: Bia\u0142ystok, \u0141om\u017ca, Suwa\u0142ki;<\/li>\n\n\n\n<li>Olsztynie&nbsp;obejmuj\u0105cej swym zasi\u0119giem dzia\u0142ania powiaty: olszty\u0144ski, bartoszycki, lidzbarski, i\u0142awski, ostr\u00f3dzki, nidzicki, szczycie\u0144ski, mr\u0105gowski, k\u0119trzy\u0144ski i miasto na prawach powiatu: Olsztyn;<\/li>\n\n\n\n<li>Siedlcach&nbsp;obejmuj\u0105cej swym zasi\u0119giem dzia\u0142ania powiaty: bialski, garwoli\u0144ski, \u0142osicki, \u0142ukowski, mi\u0144ski, parczewski, radzy\u0144ski, siedlecki, soko\u0142owski, w\u0119growski, oraz gmina Ko\u0142biel z powiatu otwockiego, gmina Po\u015bwi\u0119tne, Jad\u00f3w, Strach\u00f3wka z powiatu wo\u0142omi\u0144skiego, K\u0142oczew z powiatu ryckiego i Hanna z powiatu w\u0142odawskiego i miasta na prawach powiatu: Bia\u0142a Podlaska i Siedlce;<\/li>\n\n\n\n<li><strong>II. Gda\u0144sku<\/strong>, Centrum Szkoleniowe Pomorskiej Izby Adwokackiej przy ul. Szymanowskiego 2 lok. 3.15, kod 80-280, dla obszaru w\u0142a\u015bciwo\u015bci Okr\u0119gowych Rad Adwokackich w:<\/li>\n\n\n\n<li>Gda\u0144sku&nbsp;obejmuj\u0105cej swym zasi\u0119giem dzia\u0142ania powiaty: gda\u0144ski, kartuski, ko\u015bcierski, kwidzy\u0144ski, malborski, nowodworski, pucki, starogardzki, sztumski, tczewski, wejherowski, braniewski, elbl\u0105ski, oraz gminy: Kisielice i Susz z powiatu i\u0142awskiego, gmin\u0119 Orneta z powiatu lidzbarskiego i miasta na prawach powiatu: Gda\u0144sk, Gdynia, Sopot, Elbl\u0105g;<\/li>\n\n\n\n<li>Koszalinie&nbsp;obejmuj\u0105cej swym zasi\u0119giem dzia\u0142ania powiaty: koszali\u0144ski, bia\u0142ogardzki, bytowski, ko\u0142obrzeski, s\u0142awie\u0144ski, drawski, szczecinecki, \u015bwidwi\u0144ski, s\u0142upski, cz\u0142uchowski, l\u0119borski i miasta na prawach powiatu: Koszalin, S\u0142upsk;<\/li>\n\n\n\n<li><strong>III. Katowicach<\/strong>, ul. Gliwicka 17, kod 40-079, dla obszaru w\u0142a\u015bciwo\u015bci Okr\u0119gowych Rad Adwokackich w:<\/li>\n\n\n\n<li>Katowicach&nbsp;obejmuj\u0105cej swym zasi\u0119giem dzia\u0142ania powiaty: b\u0119dzi\u0144ski, miko\u0142owski, pszczy\u0144ski, gliwicki, raciborski, rybnicki, tarnog\u00f3rski, bieru\u0144sko-l\u0119dzi\u0144ski, wodzis\u0142awski, zawiercia\u0144ski, olkuski, chrzanowski i miasta na prawach powiatu: Katowice, Bytom, Chorz\u00f3w, D\u0105browa G\u00f3rnicza, Jaworzno, Mys\u0142owice, Tychy, Gliwice, Jastrz\u0119bie Zdr\u00f3j, Ruda \u015al\u0105ska, Rybnik, Zabrze, \u017bory, Siemianowice \u015al\u0105skie, Sosnowiec, \u015awi\u0119toch\u0142owice, Piekary \u015al\u0105skie;<\/li>\n\n\n\n<li>Bielsku-Bia\u0142ej&nbsp;obejmuj\u0105cej swym zasi\u0119giem dzia\u0142ania powiaty: bielski, cieszy\u0144ski, o\u015bwi\u0119cimski, suski, wadowicki, \u017cywiecki i miasto na prawach powiatu: Bielsko-Bia\u0142a;<\/li>\n\n\n\n<li>Cz\u0119stochowie&nbsp;obejmuj\u0105cej swym zasi\u0119giem dzia\u0142ania powiaty: cz\u0119stochowski, myszkowski, k\u0142obucki, be\u0142chatowski, opoczy\u0144ski, piotrkowski, radomszcza\u0144ski, tomaszowski, lubliniecki, oleski i miasta na prawach powiatu: Cz\u0119stochowa i Piotrk\u00f3w Trybunalski;<\/li>\n\n\n\n<li><strong>IV. Kielcach<\/strong>, ul. \u015aw. Leonarda 1\/30, kod 25-310, dla obszaru w\u0142a\u015bciwo\u015bci Okr\u0119gowych Rad Adwokackich w:<\/li>\n\n\n\n<li>Kielcach&nbsp;obejmuj\u0105cej swym zasi\u0119giem dzia\u0142ania powiaty: buski, j\u0119drzejowski, kazimierski, kielecki, konecki, ostrowiecki, pi\u0144czowski, skar\u017cyski, starachowicki, w\u0142oszczowski, miechowski i miasto na prawach powiatu: Kielce;<\/li>\n\n\n\n<li>Radomiu&nbsp;obejmuj\u0105cej swym zasi\u0119giem dzia\u0142ania powiaty: radomski, szyd\u0142owiecki, kozienicki, gr\u00f3jecki, bia\u0142obrzeski, zwole\u0144ski, przysuski, lipski i miasto na prawach powiatu: Radom;<\/li>\n\n\n\n<li><strong>V. Krakowie<\/strong>, ul. Batorego 17, kod 31-135, obejmuj\u0105cej swym zasi\u0119giem dzia\u0142ania powiaty: boche\u0144ski, brzeski, d\u0105browski, d\u0119bicki, gorlicki, krakowski, limanowski, my\u015blenicki, nowos\u0105decki, nowotarski, proszowicki, tarnowski, wielicki, tatrza\u0144ski i miasta na prawach powiatu: Krak\u00f3w, Nowy S\u0105cz, Tarn\u00f3w;<\/li>\n\n\n\n<li><strong>VI. Lublinie<\/strong>, Al. Rac\u0142awickie 8, kod 20-037, obejmuj\u0105cej swym zasi\u0119giem dzia\u0142ania powiaty: rycki, lubartowski, w\u0142odawski, pu\u0142awski, \u0142\u0119czy\u0144ski, lubelski, opolski, \u015bwidnicki, che\u0142mski, krasnostawski, kra\u015bnicki, hrubieszowski, zamojski, bi\u0142gorajski, tomaszowski i miasta na prawach powiatu: Che\u0142m, Lublin, Zamo\u015b\u0107;<\/li>\n\n\n\n<li><strong>VII. \u0141odzi<\/strong>, ul. W\u00f3lcza\u0144ska 199, kod 90-531, obejmuj\u0105cej swym zasi\u0119giem dzia\u0142ania powiaty: brzezi\u0144ski, \u0142aski, \u0142\u00f3dzki wschodni, \u0142owicki, pabianicki, paj\u0119cza\u0144ski, podd\u0119bicki, rawski, sieradzki, skierniewicki, sochaczewski, wielu\u0144ski, zdu\u0144skowolski, zgierski, \u017cyrardowski i miasto na prawach powiatu: \u0141\u00f3d\u017a, Skierniewice;<\/li>\n\n\n\n<li><strong>VIII. Poznaniu<\/strong>, ul. Konopnickiej 15, kod 60-771, dla obszaru w\u0142a\u015bciwo\u015bci Okr\u0119gowych Rad Adwokackich w:<\/li>\n\n\n\n<li>Poznaniu&nbsp;obejmuj\u0105cej swym zasi\u0119giem dzia\u0142ania powiaty: chodzieski, czarnkowsko-trzcianecki, gnie\u017anie\u0144ski, gosty\u0144ski, grodziski, jaroci\u0144ski, k\u0119pi\u0144ski, kaliski, kolski, koni\u0144ski, ko\u015bcia\u0144ski, krotoszy\u0144ski, leszczy\u0144ski, mi\u0119dzychodzki, nowotomyski, obornicki, ostrowski, ostrzeszowski, pilski, pleszewski, pozna\u0144ski, rawicki, s\u0142upecki, szamotulski, \u015bremski, \u015bredzki, turecki, wa\u0142ecki, w\u0105growiecki, wieruszowski, wrzesi\u0144ski, z\u0142otowski i miasta na prawach powiatu: Kalisz, Konin, Leszno, Pozna\u0144;<\/li>\n\n\n\n<li>Zielonej G\u00f3rze&nbsp;obejmuj\u0105cej swym zasi\u0119giem dzia\u0142ania powiaty: zielonog\u00f3rski, kro\u015bnie\u0144ski, \u017carski, \u017caga\u0144ski, nowosolski, \u015bwiebodzi\u0144ski, mi\u0119dzyrzecki, strzelecko-drezdenecki, gorzowski, sul\u0119ci\u0144ski, s\u0142ubicki, choszcze\u0144ski, my\u015bliborski, wolszty\u0144ski, wschowski i miasta na prawach powiatu: Zielona G\u00f3ra i Gorz\u00f3w Wielkopolski;<\/li>\n\n\n\n<li><strong>IX. Rzeszowie<\/strong>, ul. Litewska 4\/8, kod 35-302, obejmuj\u0105cej swym zasi\u0119giem dzia\u0142ania powiaty: bieszczadzki, brzozowski, jaros\u0142awski, jasielski, janowski, kolbuszowski, kro\u015bnie\u0144ski, leski, le\u017cajski, lubaczowski, \u0142a\u0144cucki, mielecki, ni\u017ca\u0144ski, opatowski, przemyski, przeworski, ropczycko &#8211; s\u0119dziszowski, rzeszowski, sanocki, sandomierski, stalowowolski, staszowski, strzy\u017cowski, tarnobrzeski i miasta na prawach powiatu: Krosno, Przemy\u015bl, Rzesz\u00f3w i Tarnobrzeg;<\/li>\n\n\n\n<li><strong>X. Szczecinie<\/strong>, Plac Batorego 3, kod 70-207, obejmuj\u0105cej swym zasi\u0119giem dzia\u0142ania powiaty: goleniowski, gryficki, gryfi\u0144ski, kamie\u0144ski, \u0142obeski, policki, pyrzycki, stargardzki i miasta na prawach powiatu: Szczecin, \u015awinouj\u015bcie;<\/li>\n\n\n\n<li><strong>XI. Toruniu<\/strong>, ul. Rynek Staromiejski 17, kod 87-100,&nbsp;<a><u>dla obszaru w\u0142a\u015bciwo\u015bci Okr\u0119gowych Rad Adwokackich w:<\/u><\/a><\/li>\n\n\n\n<li>Toruniu&nbsp;obejmuj\u0105cej swym zasi\u0119giem dzia\u0142ania powiaty: aleksandrowski, brodnicki, che\u0142mi\u0144ski, golubsko-dobrzy\u0144ski, grudzi\u0105dzki, lipnowski, nowomiejski, radziejowski, rypi\u0144ski, toru\u0144ski, w\u0105brzeski, w\u0142oc\u0142awski i miasta na prawach powiatu: Grudzi\u0105dz, Toru\u0144, W\u0142oc\u0142awek;<\/li>\n\n\n\n<li>Bydgoszczy&nbsp;obejmuj\u0105cej swym zasi\u0119giem dzia\u0142ania powiaty: bydgoski, chojnicki, inowroc\u0142awski, mogile\u0144ski, nakielski, \u015bwiecki, s\u0119pole\u0144ski, tucholski, \u017cni\u0144ski i miasto na prawach powiatu: Bydgoszcz;<\/li>\n\n\n\n<li>P\u0142ocku&nbsp;obejmuj\u0105cej swym zasi\u0119giem dzia\u0142ania powiaty: p\u0142ocki, sierpecki, p\u0142o\u0144ski, gostyni\u0144ski, ciechanowski, m\u0142awski, kutnowski, \u0142\u0119czycki, dzia\u0142dowski, pu\u0142tuski, \u017curomi\u0144ski i miasto na prawach powiatu: P\u0142ock;<\/li>\n\n\n\n<li><strong>XII. Warszawie<\/strong>, Al. Ujazdowskie 49, kod 00-536, obejmuj\u0105cej swym zasi\u0119giem dzia\u0142ania powiaty: grodziski, legionowski, makowski, ostro\u0142\u0119cki, ostrowski, otwocki, piaseczy\u0144ski, pruszkowski, przasnyski, warszawski zachodni, nowodworski, wo\u0142omi\u0144ski, wyszkowski oraz gmina Sulej\u00f3wek z powiatu mi\u0144skiego i miasto na prawach powiatu: Ostro\u0142\u0119ka oraz m. st. Warszawa;<\/li>\n\n\n\n<li><strong>XIII. Wroc\u0142awiu<\/strong>, ul. S\u0105dowa 4, kod 50-046, dla obszaru w\u0142a\u015bciwo\u015bci Okr\u0119gowych Rad Adwokackich w:<\/li>\n\n\n\n<li>Wroc\u0142awiu&nbsp;obejmuj\u0105cej swym zasi\u0119giem dzia\u0142ania powiaty: g\u00f3rowski, g\u0142ogowski, jaworski, legnicki, lubi\u0144ski, milicki, ole\u015bnicki, o\u0142awski, polkowicki, strzeli\u0144ski, \u015bredzki, trzebnicki, wo\u0142owski, wroc\u0142awski, z\u0142otoryjski i miasta na prawach powiatu: Wroc\u0142aw, Legnica;<\/li>\n\n\n\n<li>Opolu&nbsp;obejmuj\u0105cej swym zasi\u0119giem dzia\u0142ania powiaty: brzeski, g\u0142ubczycki, k\u0119dzierzy\u0144sko-kozielski, kluczborski, krapkowicki, namys\u0142owski, nyski, opolski, prudnicki, strzelecki i miasto na prawach powiatu: Opole;<\/li>\n\n\n\n<li>Wa\u0142brzychu&nbsp;obejmuj\u0105cej swym zasi\u0119giem dzia\u0142ania powiaty: boles\u0142awiecki, dzier\u017coniowski, jeleniog\u00f3rski, kamiennog\u00f3rski, lw\u00f3wecki, k\u0142odzki, luba\u0144ski, \u015bwidnicki, wa\u0142brzyski, z\u0105bkowicki, zgorzelecki i miasto na prawach powiatu: Jelenia G\u00f3ra, Wa\u0142brzych;<\/li>\n\n\n\n<li><strong>Termin do z\u0142o\u017cenia zg\u0142oszenia o przyst\u0105pieniu do egzaminu wst\u0119pnego na aplikacj\u0119 adwokack\u0105 up\u0142ywa w dniu 14 sierpnia 2024 r. Termin ten nie podlega przywr\u00f3ceniu.<\/strong><\/li>\n\n\n\n<li>Op\u0142ata za egzamin wst\u0119pny wynosi&nbsp;<strong>1 125<\/strong>&nbsp;(s\u0142ownie: jeden tysi\u0105c sto dwadzie\u015bcia pi\u0119\u0107) z\u0142otych.<\/li>\n\n\n\n<li>Op\u0142at\u0119 nale\u017cy wp\u0142aci\u0107 na rachunek Ministerstwa Sprawiedliwo\u015bci (Al. Ujazdowskie 11, 00-950 Warszawa) w Narodowym Banku Polskim numer konta&nbsp;<strong>77 1010 1010 0400 1922 3100 0000<\/strong>, a tytu\u0142 przelewu powinien zawiera\u0107: imi\u0119 i nazwisko kandydata &#8211; op\u0142ata za egzamin wst\u0119pny na aplikacj\u0119 adwokack\u0105 w 2024 r. w Krakowie (wskaza\u0107 nazw\u0119 miasta b\u0119d\u0105cego siedzib\u0105 komisji egzaminacyjnej, do kt\u00f3rej jest sk\u0142adane zg\u0142oszenie).<\/li>\n\n\n\n<li><em>Przyk\u0142ad: Jan Kowalski \u2013 egzamin wst\u0119pny na aplikacj\u0119 adwokack\u0105 w 2024 r. w Warszawie.<\/em><\/li>\n\n\n\n<li><strong>Sk\u0142adane do w\u0142a\u015bciwej komisji kwalifikacyjnej zg\u0142oszenie o przyst\u0105pieniu do egzaminu wst\u0119pnego powinno zawiera\u0107:<\/strong><\/li>\n\n\n\n<li>1.&nbsp;&nbsp; wniosek o dopuszczenie do egzaminu wst\u0119pnego,<\/li>\n\n\n\n<li>2.&nbsp;&nbsp; kwestionariusz osobowy,<\/li>\n\n\n\n<li>3.&nbsp;&nbsp; \u017cyciorys,<\/li>\n\n\n\n<li>4.&nbsp;&nbsp; kopi\u0119 dokumentu potwierdzaj\u0105cego uko\u0144czenie wy\u017cszych studi\u00f3w prawniczych w Rzeczypospolitej Polskiej i uzyskanie tytu\u0142u magistra lub zagranicznych studi\u00f3w prawniczych uznanych w Rzeczypospolitej Polskiej, albo za\u015bwiadczenie o zdaniu egzaminu magisterskiego,<\/li>\n\n\n\n<li>5.&nbsp;&nbsp; zamiast dokument\u00f3w, o kt\u00f3rym mowa w pkt 4, mo\u017cna z\u0142o\u017cy\u0107 za\u015bwiadczenie, z kt\u00f3rego wynika, i\u017c kandydat zda\u0142 wszystkie egzaminy i odby\u0142 praktyki przewidziane w planie wy\u017cszych studi\u00f3w prawniczych oraz ma wyznaczony termin egzaminu magisterskiego. Warunkiem dopuszczenia do egzaminu wst\u0119pnego takiego kandydata jest z\u0142o\u017cenie przez niego w siedzibie komisji kwalifikacyjnej nie p\u00f3\u017aniej ni\u017c 7 dni <strong>(21 wrze\u015bnia 2024 r.)<\/strong> przed terminem egzaminu wst\u0119pnego kopii dokumentu potwierdzaj\u0105cego uko\u0144czenie wy\u017cszych studi\u00f3w prawniczych w Rzeczypospolitej Polskiej i uzyskanie tytu\u0142u magistra lub zagranicznych studi\u00f3w prawniczych uznanych w Rzeczypospolitej Polskiej, albo za\u015bwiadczenia o zdaniu egzaminu magisterskiego,<\/li>\n\n\n\n<li>6.&nbsp;&nbsp; orygina\u0142 dowodu uiszczenia op\u0142aty za egzamin wst\u0119pny,<\/li>\n\n\n\n<li>7.&nbsp;&nbsp; 3 zdj\u0119cia zgodnie z wymaganiami obowi\u0105zuj\u0105cymi przy wydawaniu dowod\u00f3w osobistych.<\/li>\n\n\n\n<li><strong>Informacja dla kandydat\u00f3w b\u0119d\u0105cych osobami niepe\u0142nosprawnymi<\/strong><\/li>\n\n\n\n<li>Na wniosek kandydata b\u0119d\u0105cego osob\u0105 niepe\u0142nosprawn\u0105, z\u0142o\u017cony wraz ze zg\u0142oszeniem o przyst\u0105pieniu do egzaminu wst\u0119pnego, czas na rozwi\u0105zanie zestawu pyta\u0144 testowych zostaje wyd\u0142u\u017cony o po\u0142ow\u0119.<\/li>\n\n\n\n<li>Do wniosku za\u0142\u0105cza si\u0119:<\/li>\n\n\n\n<li>kopi\u0119 orzeczenia potwierdzaj\u0105cego niepe\u0142nosprawno\u015b\u0107 w rozumieniu ustawy z dnia 27 sierpnia 1997 r. o rehabilitacji zawodowej i spo\u0142ecznej oraz zatrudnianiu os\u00f3b niepe\u0142nosprawnych (Dz. U. z 2024 r. poz. 44) w okresie przeprowadzania egzaminu;<\/li>\n\n\n\n<li>za\u015bwiadczenie lekarskie wystawione przez lekarza specjalist\u0119 w\u0142a\u015bciwego ze wzgl\u0119du na charakter niepe\u0142nosprawno\u015bci stwierdzaj\u0105ce wynikaj\u0105ce z niepe\u0142nosprawno\u015bci trudno\u015bci w dokonywaniu w toku egzaminu wst\u0119pnego czynno\u015bci technicznych, takich jak:<\/li>\n\n\n\n<li>odczytywanie tekstu,<\/li>\n\n\n\n<li>udzielenie odpowiedzi na pytanie testowe na karcie odpowiedzi;<\/li>\n\n\n\n<li>o\u015bwiadczenie o wyra\u017ceniu zgody na przetwarzanie danych osobowych, o kt\u00f3rych mowa w pkt 1 i 2, dla potrzeb niezb\u0119dnych do realizacji cel\u00f3w zwi\u0105zanych z procedur\u0105 naboru na aplikacj\u0119 adwokack\u0105.<\/li>\n<\/ul>\n\n\n<div class=\"zalaczniki\">\n    \n    <div class=\"zalaczniki__wrap\">\n                        <div class=\"zalaczniki__single\">\n                <div class=\"zalaczniki__first\">\n                    <p class=\"zalaczniki__title\">\n                                                    Klauzula informacyjna 2024                                            <\/p>\n                    <p class=\"zalaczniki__file-name\">\n                                                    Klauzula-informacyjna_2024.docx                                            <\/p>\n                <\/div>\n                <div class=\"zalaczniki__middle\">\n                                        <a href=\"https:\/\/adwokatura.krakow.pl\/adwokaci-i-aplikanci\/wp-content\/uploads\/sites\/2\/2024\/06\/Klauzula-informacyjna_2024.docx\">Zobacz plik<\/a>\n                                    <\/div>\n                <div class=\"zalaczniki__last\">\n                                        <a download href=\"https:\/\/adwokatura.krakow.pl\/adwokaci-i-aplikanci\/wp-content\/uploads\/sites\/2\/2024\/06\/Klauzula-informacyjna_2024.docx\">\n                            <img decoding=\"async\" src=\"https:\/\/adwokatura.krakow.pl\/adwokaci-i-aplikanci\/wp-content\/themes\/kia\/dist\/images\/download.svg\" alt=\"download\">\n                        <\/a>\n                                    <\/div>\n               \n            <\/div>\n                    <div class=\"zalaczniki__single\">\n                <div class=\"zalaczniki__first\">\n                    <p class=\"zalaczniki__title\">\n                                                    Kwestionariusz osobowy aplikacja 2024                                            <\/p>\n                    <p class=\"zalaczniki__file-name\">\n                                                    kwestionariusz-osobowy_aplikacja_2024.doc                                            <\/p>\n                <\/div>\n                <div class=\"zalaczniki__middle\">\n                                        <a href=\"https:\/\/adwokatura.krakow.pl\/adwokaci-i-aplikanci\/wp-content\/uploads\/sites\/2\/2024\/06\/kwestionariusz-osobowy_aplikacja_2024.doc\">Zobacz plik<\/a>\n                                    <\/div>\n                <div class=\"zalaczniki__last\">\n                                        <a download href=\"https:\/\/adwokatura.krakow.pl\/adwokaci-i-aplikanci\/wp-content\/uploads\/sites\/2\/2024\/06\/kwestionariusz-osobowy_aplikacja_2024.doc\">\n                            <img decoding=\"async\" src=\"https:\/\/adwokatura.krakow.pl\/adwokaci-i-aplikanci\/wp-content\/themes\/kia\/dist\/images\/download.svg\" alt=\"download\">\n                        <\/a>\n                                    <\/div>\n               \n            <\/div>\n                    <div class=\"zalaczniki__single\">\n                <div class=\"zalaczniki__first\">\n                    <p class=\"zalaczniki__title\">\n                                                    Wniosek apl.adw. 2024                                            <\/p>\n                    <p class=\"zalaczniki__file-name\">\n                                                    wniosek_apl_adw_2024.docx                                            <\/p>\n                <\/div>\n                <div class=\"zalaczniki__middle\">\n                                        <a href=\"https:\/\/adwokatura.krakow.pl\/adwokaci-i-aplikanci\/wp-content\/uploads\/sites\/2\/2024\/06\/wniosek_apl_adw_2024.docx\">Zobacz plik<\/a>\n                                    <\/div>\n                <div class=\"zalaczniki__last\">\n                                        <a download href=\"https:\/\/adwokatura.krakow.pl\/adwokaci-i-aplikanci\/wp-content\/uploads\/sites\/2\/2024\/06\/wniosek_apl_adw_2024.docx\">\n                            <img decoding=\"async\" src=\"https:\/\/adwokatura.krakow.pl\/adwokaci-i-aplikanci\/wp-content\/themes\/kia\/dist\/images\/download.svg\" alt=\"download\">\n                        <\/a>\n                                    <\/div>\n               \n            <\/div>\n                <\/div>\n<\/div>","protected":false},"excerpt":{"rendered":"<p>Zawiadomienie o terminie i miejscu przeprowadzenia egzaminu wst\u0119pnego na aplikacj\u0119 adwokack\u0105 na obszarze w\u0142a\u015bciwo\u015bci Okr\u0119gowej Rady Adwokackiej w Krakowie Komisja Egzaminacyjna do spraw aplikacji adwokackiej przy Ministrze Sprawiedliwo\u015bci z siedzib\u0105 w Krakowie zawiadamia, \u017ce egzamin wst\u0119pny odb\u0119dzie si\u0119 w sobot\u0119, w dniu 28 wrze\u015bnia 2024 roku, w sali konferencyjnej \u201eKrak\u00f3w\u201d, hotelu DoubleTree by Hilton Krakow [&hellip;]<\/p>\n","protected":false},"author":8,"featured_media":0,"comment_status":"closed","ping_status":"closed","sticky":false,"template":"","format":"standard","meta":{"_acf_changed":false,"inline_featured_image":false,"footnotes":""},"categories":[6],"tags":[],"class_list":["post-4015","post","type-post","status-publish","format-standard","hentry","category-artykuly"],"acf":[],"_links":{"self":[{"href":"https:\/\/adwokatura.krakow.pl\/adwokaci-i-aplikanci\/wp-json\/wp\/v2\/posts\/4015","targetHints":{"allow":["GET"]}}],"collection":[{"href":"https:\/\/adwokatura.krakow.pl\/adwokaci-i-aplikanci\/wp-json\/wp\/v2\/posts"}],"about":[{"href":"https:\/\/adwokatura.krakow.pl\/adwokaci-i-aplikanci\/wp-json\/wp\/v2\/types\/post"}],"author":[{"embeddable":true,"href":"https:\/\/adwokatura.krakow.pl\/adwokaci-i-aplikanci\/wp-json\/wp\/v2\/users\/8"}],"replies":[{"embeddable":true,"href":"https:\/\/adwokatura.krakow.pl\/adwokaci-i-aplikanci\/wp-json\/wp\/v2\/comments?post=4015"}],"version-history":[{"count":4,"href":"https:\/\/adwokatura.krakow.pl\/adwokaci-i-aplikanci\/wp-json\/wp\/v2\/posts\/4015\/revisions"}],"predecessor-version":[{"id":4461,"href":"https:\/\/adwokatura.krakow.pl\/adwokaci-i-aplikanci\/wp-json\/wp\/v2\/posts\/4015\/revisions\/4461"}],"wp:attachment":[{"href":"https:\/\/adwokatura.krakow.pl\/adwokaci-i-aplikanci\/wp-json\/wp\/v2\/media?parent=4015"}],"wp:term":[{"taxonomy":"category","embeddable":true,"href":"https:\/\/adwokatura.krakow.pl\/adwokaci-i-aplikanci\/wp-json\/wp\/v2\/categories?post=4015"},{"taxonomy":"post_tag","embeddable":true,"href":"https:\/\/adwokatura.krakow.pl\/adwokaci-i-aplikanci\/wp-json\/wp\/v2\/tags?post=4015"}],"curies":[{"name":"wp","href":"https:\/\/api.w.org\/{rel}","templated":true}]}}