{"id":4027,"date":"2024-06-06T10:00:53","date_gmt":"2024-06-06T08:00:53","guid":{"rendered":"https:\/\/adwokatura.krakow.pl\/adwokaci-i-aplikanci\/?p=4027"},"modified":"2024-06-06T10:00:53","modified_gmt":"2024-06-06T08:00:53","slug":"ochrona-klimatu-i-konwencja-praw-czlowieka-wplyw-na-gospodarke-i-panstwo","status":"publish","type":"post","link":"https:\/\/adwokatura.krakow.pl\/adwokaci-i-aplikanci\/ochrona-klimatu-i-konwencja-praw-czlowieka-wplyw-na-gospodarke-i-panstwo\/","title":{"rendered":"Ochrona klimatu i Konwencja Praw Cz\u0142owieka: wp\u0142yw na gospodark\u0119 i pa\u0144stwo"},"content":{"rendered":"\n<figure class=\"wp-block-image size-large is-resized\"><img loading=\"lazy\" decoding=\"async\" width=\"1024\" height=\"731\" src=\"https:\/\/adwokatura.krakow.pl\/adwokaci-i-aplikanci\/wp-content\/uploads\/sites\/2\/2024\/06\/ochrona-klimatu-1024x731.png\" alt=\"\" class=\"wp-image-4028\" style=\"width:520px;height:auto\" srcset=\"https:\/\/adwokatura.krakow.pl\/adwokaci-i-aplikanci\/wp-content\/uploads\/sites\/2\/2024\/06\/ochrona-klimatu-1024x731.png 1024w, https:\/\/adwokatura.krakow.pl\/adwokaci-i-aplikanci\/wp-content\/uploads\/sites\/2\/2024\/06\/ochrona-klimatu-300x214.png 300w, https:\/\/adwokatura.krakow.pl\/adwokaci-i-aplikanci\/wp-content\/uploads\/sites\/2\/2024\/06\/ochrona-klimatu-768x549.png 768w, https:\/\/adwokatura.krakow.pl\/adwokaci-i-aplikanci\/wp-content\/uploads\/sites\/2\/2024\/06\/ochrona-klimatu.png 1421w\" sizes=\"auto, (max-width: 1024px) 100vw, 1024px\" \/><\/figure>\n\n\n\n<p>Konsulat Generalny Austrii w Krakowie oraz Szko\u0142a Prawa Austriackiego Uniwersytetu Jagiello\u0144skiego w Krakowie wsp\u00f3lnie zapraszaj\u0105 na wyk\u0142ad <strong>prof. Christiana Piski z Uniwersytetu Wiede\u0144skiego<\/strong>:<\/p>\n\n\n\n<p><strong>Ochrona klimatu i Konwencja Praw Cz\u0142owieka: wp\u0142yw na gospodark\u0119 i pa\u0144stwo<\/strong><\/p>\n\n\n\n<p><strong>10 czerwca 2024, godz. 12.00<\/strong><\/p>\n\n\n\n<p><strong>Konsulat Generalny Austrii, ul. Krupnicza 42<\/strong><\/p>\n\n\n\n<p>Wprowadzenie: Konsul Generalny Austrii Martin G\u00e4rtner Dyrektor Szko\u0142y Prawa Austriackiego mec. Pawe\u0142 Kuglarz<\/p>\n\n\n\n<p><strong>Wyk\u0142ad odb\u0119dzie si\u0119 w j\u0119zyku niemieckim.<\/strong> <strong>Dyskusja b\u0119dzie prowadzona w j\u0119zyku niemieckim i angielskim.<\/strong> <strong>Moderacja &#8211; Pawe\u0142 Kuglarz<\/strong><\/p>\n\n\n\n<p><strong>Prosimy o potwierdzenie do pi\u0105tku 7 czerwca: tel. 12 424 99 30 lub <\/strong><a href=\"mailto:krakau-gk@bmeia.gv.at\"><strong>krakau-gk@bmeia.gv.at<\/strong><\/a><strong><\/strong><\/p>\n\n\n\n<p><strong>dr Christian Piska, prof. Uniwersytetu Wiede\u0144skiego<\/strong>&#8211; <em>Christian Piska pracuje na Uniwersytecie Wiede\u0144skim i Donau-Universit\u00e4t w Krems jako ekspert w dziedzinie prawa publicznego, a tak\u017ce prawa handlowego, \u015brodowiskowego i europejskiego, ze szczeg\u00f3lnym uwzgl\u0119dnieniem ram prawnych i regulacji w dziedzinie nowych technologii.<\/em><\/p>\n\n\n\n<p><em>Studiowa\u0142 prawo na Uniwersytecie Wiede\u0144skim (doktorat w 1994 r., habilitacja w 2002 r.). Od 2002 r. jest profesorem nadzwyczajnym w Instytucie Prawa Konstytucyjnego i Administracyjnego na Uniwersytecie Wiede\u0144skim.<\/em><\/p>\n\n\n\n<p><strong>Wybrane publikacje:<\/strong> <em>Das Prinzip der festen Gesch\u00e4ftsverteilung in der ordentlichen Gerichtsbarkeit<\/em>. Wien 1995,\u00a0(Hg.):\u00a0<em>Casebook Einf\u00fchrung in die Rechtswissenschaften. Strategische Anleitung und Arbeitsbuch<\/em>. Wien 2019,\u00a0mit Oliver V\u00f6lkel (Hg.):\u00a0<em>Blockchain rules<\/em>. Wien 2019,\u00a0<\/p>\n\n\n\n<p><strong>Mec. Pawe\u0142 Kuglarz<\/strong> &#8211; <em>Dyrektor Szko\u0142y Prawa Austriackiego na Uniwersytecie Jagiello\u0144skim, Head of International Desk, Tatara i Wsp\u00f3lnicy \u00a0<\/em><\/p>\n\n\n\n<p><strong>Wybrane publikacje:<\/strong> P. Kuglarz, I.Heropolita\u0144ska<em>, Immobilien, Grundeigentum und Sicherheiten in Polen<\/em>, voraus. IX 2024, Centre for Legal Competence Wien<\/p>\n","protected":false},"excerpt":{"rendered":"<p>Konsulat Generalny Austrii w Krakowie oraz Szko\u0142a Prawa Austriackiego Uniwersytetu Jagiello\u0144skiego w Krakowie wsp\u00f3lnie zapraszaj\u0105 na wyk\u0142ad prof. Christiana Piski z Uniwersytetu Wiede\u0144skiego: Ochrona klimatu i Konwencja Praw Cz\u0142owieka: wp\u0142yw na gospodark\u0119 i pa\u0144stwo 10 czerwca 2024, godz. 12.00 Konsulat Generalny Austrii, ul. Krupnicza 42 Wprowadzenie: Konsul Generalny Austrii Martin G\u00e4rtner Dyrektor Szko\u0142y Prawa Austriackiego [&hellip;]<\/p>\n","protected":false},"author":9,"featured_media":0,"comment_status":"closed","ping_status":"closed","sticky":false,"template":"","format":"standard","meta":{"_acf_changed":false,"inline_featured_image":false,"footnotes":""},"categories":[6],"tags":[37,38,36,33,39,34],"class_list":["post-4027","post","type-post","status-publish","format-standard","hentry","category-artykuly","tag-10-czerwca","tag-czerwiec","tag-gospodarka","tag-klimat","tag-konsulat-generalny-austrii","tag-prawa-czlowieka"],"acf":[],"_links":{"self":[{"href":"https:\/\/adwokatura.krakow.pl\/adwokaci-i-aplikanci\/wp-json\/wp\/v2\/posts\/4027","targetHints":{"allow":["GET"]}}],"collection":[{"href":"https:\/\/adwokatura.krakow.pl\/adwokaci-i-aplikanci\/wp-json\/wp\/v2\/posts"}],"about":[{"href":"https:\/\/adwokatura.krakow.pl\/adwokaci-i-aplikanci\/wp-json\/wp\/v2\/types\/post"}],"author":[{"embeddable":true,"href":"https:\/\/adwokatura.krakow.pl\/adwokaci-i-aplikanci\/wp-json\/wp\/v2\/users\/9"}],"replies":[{"embeddable":true,"href":"https:\/\/adwokatura.krakow.pl\/adwokaci-i-aplikanci\/wp-json\/wp\/v2\/comments?post=4027"}],"version-history":[{"count":1,"href":"https:\/\/adwokatura.krakow.pl\/adwokaci-i-aplikanci\/wp-json\/wp\/v2\/posts\/4027\/revisions"}],"predecessor-version":[{"id":4029,"href":"https:\/\/adwokatura.krakow.pl\/adwokaci-i-aplikanci\/wp-json\/wp\/v2\/posts\/4027\/revisions\/4029"}],"wp:attachment":[{"href":"https:\/\/adwokatura.krakow.pl\/adwokaci-i-aplikanci\/wp-json\/wp\/v2\/media?parent=4027"}],"wp:term":[{"taxonomy":"category","embeddable":true,"href":"https:\/\/adwokatura.krakow.pl\/adwokaci-i-aplikanci\/wp-json\/wp\/v2\/categories?post=4027"},{"taxonomy":"post_tag","embeddable":true,"href":"https:\/\/adwokatura.krakow.pl\/adwokaci-i-aplikanci\/wp-json\/wp\/v2\/tags?post=4027"}],"curies":[{"name":"wp","href":"https:\/\/api.w.org\/{rel}","templated":true}]}}