{"id":4045,"date":"2024-06-14T10:08:08","date_gmt":"2024-06-14T08:08:08","guid":{"rendered":"https:\/\/adwokatura.krakow.pl\/adwokaci-i-aplikanci\/?p=4045"},"modified":"2024-06-14T10:08:08","modified_gmt":"2024-06-14T08:08:08","slug":"relacja-ze-spotkania-z-podopiecznymi-fundacja-o-zdrowie-dziecka","status":"publish","type":"post","link":"https:\/\/adwokatura.krakow.pl\/adwokaci-i-aplikanci\/relacja-ze-spotkania-z-podopiecznymi-fundacja-o-zdrowie-dziecka\/","title":{"rendered":"Relacja ze spotkania z podopiecznymi Fundacja o Zdrowie Dziecka"},"content":{"rendered":"\n<p>W dniu 12 czerwca odby\u0142o si\u0119 wyj\u0105tkowe spotkanie z podopiecznymi Fundacji o Zdrowie Dziecka przy Uniwersyteckim Szpitalu Dzieci\u0119cym w Krakowie.<\/p>\n\n\n\n<p>Adwokaci opowiadali dzieciom o swoich pasjach zwi\u0105zanych z g\u00f3rami, startach w zawodach oraz zasadach bezpiecze\u0144stwa w g\u00f3rach. Dzielili si\u0119 swoimi inspiracjami i motywacjami, a prezentacja sprz\u0119tu wyprawowego wzbudzi\u0142a szczeg\u00f3lne zainteresowanie w\u015br\u00f3d dzieci.<\/p>\n\n\n\n<p>W spotkaniu uczestniczy\u0142 Dziekan adw. Aleksander Gut oraz adwokaci naszej Izby: adw. Maciej Michalak, kt\u00f3ry jest tak\u017ce Przewodnikiem Tatrza\u0144skim, oraz adw. Dariusz Gradzi.<\/p>\n\n\n\n<p>Spotkanie by\u0142o r\u00f3wnie\u017c inauguracj\u0105 projektu &#8222;Wyprawa o Zdrowie Dziecka&#8221;, w kt\u00f3rym udzia\u0142 wezm\u0105 adw. Maciej Michalak i adw. Dariusz Gradzi.<\/p>\n\n\n\n<p>Adwokatura krakowska od lat wspiera Fundacj\u0119 w wielu obszarach jej dzia\u0142alno\u015bci, a to spotkanie by\u0142o kolejnym krokiem w naszej wsp\u00f3lnej drodze ku zdrowiu i lepszemu jutru dla dzieci.<\/p>\n\n\n\n<div class=\"wp-block-columns is-layout-flex wp-container-core-columns-is-layout-9d6595d7 wp-block-columns-is-layout-flex\">\n<div class=\"wp-block-column is-layout-flow wp-block-column-is-layout-flow\">\n<figure class=\"wp-block-image size-large\"><img loading=\"lazy\" decoding=\"async\" width=\"1024\" height=\"683\" src=\"https:\/\/adwokatura.krakow.pl\/adwokaci-i-aplikanci\/wp-content\/uploads\/sites\/2\/2024\/06\/IMG_5268-1-1024x683.jpg\" alt=\"\" class=\"wp-image-4055\" srcset=\"https:\/\/adwokatura.krakow.pl\/adwokaci-i-aplikanci\/wp-content\/uploads\/sites\/2\/2024\/06\/IMG_5268-1-1024x683.jpg 1024w, https:\/\/adwokatura.krakow.pl\/adwokaci-i-aplikanci\/wp-content\/uploads\/sites\/2\/2024\/06\/IMG_5268-1-300x200.jpg 300w, https:\/\/adwokatura.krakow.pl\/adwokaci-i-aplikanci\/wp-content\/uploads\/sites\/2\/2024\/06\/IMG_5268-1-768x512.jpg 768w, https:\/\/adwokatura.krakow.pl\/adwokaci-i-aplikanci\/wp-content\/uploads\/sites\/2\/2024\/06\/IMG_5268-1.jpg 1037w\" sizes=\"auto, (max-width: 1024px) 100vw, 1024px\" \/><\/figure>\n<\/div>\n\n\n\n<div class=\"wp-block-column is-layout-flow wp-block-column-is-layout-flow\">\n<figure class=\"wp-block-image size-full is-resized\"><img loading=\"lazy\" decoding=\"async\" width=\"623\" height=\"934\" src=\"https:\/\/adwokatura.krakow.pl\/adwokaci-i-aplikanci\/wp-content\/uploads\/sites\/2\/2024\/06\/IMG_5270-1.jpg\" alt=\"\" class=\"wp-image-4056\" style=\"width:186px;height:auto\" srcset=\"https:\/\/adwokatura.krakow.pl\/adwokaci-i-aplikanci\/wp-content\/uploads\/sites\/2\/2024\/06\/IMG_5270-1.jpg 623w, https:\/\/adwokatura.krakow.pl\/adwokaci-i-aplikanci\/wp-content\/uploads\/sites\/2\/2024\/06\/IMG_5270-1-200x300.jpg 200w\" sizes=\"auto, (max-width: 623px) 100vw, 623px\" \/><\/figure>\n<\/div>\n<\/div>\n\n\n\n<div class=\"wp-block-columns is-layout-flex wp-container-core-columns-is-layout-9d6595d7 wp-block-columns-is-layout-flex\">\n<div class=\"wp-block-column is-layout-flow wp-block-column-is-layout-flow\">\n<figure class=\"wp-block-image size-full\"><img loading=\"lazy\" decoding=\"async\" width=\"934\" height=\"623\" src=\"https:\/\/adwokatura.krakow.pl\/adwokaci-i-aplikanci\/wp-content\/uploads\/sites\/2\/2024\/06\/IMG_5275-2.jpg\" alt=\"\" class=\"wp-image-4057\" srcset=\"https:\/\/adwokatura.krakow.pl\/adwokaci-i-aplikanci\/wp-content\/uploads\/sites\/2\/2024\/06\/IMG_5275-2.jpg 934w, https:\/\/adwokatura.krakow.pl\/adwokaci-i-aplikanci\/wp-content\/uploads\/sites\/2\/2024\/06\/IMG_5275-2-300x200.jpg 300w, https:\/\/adwokatura.krakow.pl\/adwokaci-i-aplikanci\/wp-content\/uploads\/sites\/2\/2024\/06\/IMG_5275-2-768x512.jpg 768w\" sizes=\"auto, (max-width: 934px) 100vw, 934px\" \/><\/figure>\n<\/div>\n\n\n\n<div class=\"wp-block-column is-layout-flow wp-block-column-is-layout-flow\">\n<figure class=\"wp-block-image size-large\"><img loading=\"lazy\" decoding=\"async\" width=\"1024\" height=\"683\" src=\"https:\/\/adwokatura.krakow.pl\/adwokaci-i-aplikanci\/wp-content\/uploads\/sites\/2\/2024\/06\/IMG_5278-2-1024x683.jpg\" alt=\"\" class=\"wp-image-4058\" srcset=\"https:\/\/adwokatura.krakow.pl\/adwokaci-i-aplikanci\/wp-content\/uploads\/sites\/2\/2024\/06\/IMG_5278-2-1024x683.jpg 1024w, https:\/\/adwokatura.krakow.pl\/adwokaci-i-aplikanci\/wp-content\/uploads\/sites\/2\/2024\/06\/IMG_5278-2-300x200.jpg 300w, https:\/\/adwokatura.krakow.pl\/adwokaci-i-aplikanci\/wp-content\/uploads\/sites\/2\/2024\/06\/IMG_5278-2-768x512.jpg 768w, https:\/\/adwokatura.krakow.pl\/adwokaci-i-aplikanci\/wp-content\/uploads\/sites\/2\/2024\/06\/IMG_5278-2.jpg 1296w\" sizes=\"auto, (max-width: 1024px) 100vw, 1024px\" \/><\/figure>\n<\/div>\n<\/div>\n\n\n\n<div class=\"wp-block-columns is-layout-flex wp-container-core-columns-is-layout-9d6595d7 wp-block-columns-is-layout-flex\">\n<div class=\"wp-block-column is-layout-flow wp-block-column-is-layout-flow\">\n<figure class=\"wp-block-image size-large\"><img loading=\"lazy\" decoding=\"async\" width=\"1024\" height=\"683\" src=\"https:\/\/adwokatura.krakow.pl\/adwokaci-i-aplikanci\/wp-content\/uploads\/sites\/2\/2024\/06\/IMG_5279-2-1024x683.jpg\" alt=\"\" class=\"wp-image-4059\" srcset=\"https:\/\/adwokatura.krakow.pl\/adwokaci-i-aplikanci\/wp-content\/uploads\/sites\/2\/2024\/06\/IMG_5279-2-1024x683.jpg 1024w, https:\/\/adwokatura.krakow.pl\/adwokaci-i-aplikanci\/wp-content\/uploads\/sites\/2\/2024\/06\/IMG_5279-2-300x200.jpg 300w, https:\/\/adwokatura.krakow.pl\/adwokaci-i-aplikanci\/wp-content\/uploads\/sites\/2\/2024\/06\/IMG_5279-2-768x512.jpg 768w, https:\/\/adwokatura.krakow.pl\/adwokaci-i-aplikanci\/wp-content\/uploads\/sites\/2\/2024\/06\/IMG_5279-2.jpg 1037w\" sizes=\"auto, (max-width: 1024px) 100vw, 1024px\" \/><\/figure>\n<\/div>\n\n\n\n<div class=\"wp-block-column is-layout-flow wp-block-column-is-layout-flow\">\n<figure class=\"wp-block-image size-large\"><img loading=\"lazy\" decoding=\"async\" width=\"1024\" height=\"683\" src=\"https:\/\/adwokatura.krakow.pl\/adwokaci-i-aplikanci\/wp-content\/uploads\/sites\/2\/2024\/06\/IMG_5283-1-1024x683.jpg\" alt=\"\" class=\"wp-image-4060\" srcset=\"https:\/\/adwokatura.krakow.pl\/adwokaci-i-aplikanci\/wp-content\/uploads\/sites\/2\/2024\/06\/IMG_5283-1-1024x683.jpg 1024w, https:\/\/adwokatura.krakow.pl\/adwokaci-i-aplikanci\/wp-content\/uploads\/sites\/2\/2024\/06\/IMG_5283-1-300x200.jpg 300w, https:\/\/adwokatura.krakow.pl\/adwokaci-i-aplikanci\/wp-content\/uploads\/sites\/2\/2024\/06\/IMG_5283-1-768x512.jpg 768w, https:\/\/adwokatura.krakow.pl\/adwokaci-i-aplikanci\/wp-content\/uploads\/sites\/2\/2024\/06\/IMG_5283-1.jpg 1037w\" sizes=\"auto, (max-width: 1024px) 100vw, 1024px\" \/><\/figure>\n<\/div>\n<\/div>\n\n\n\n<figure class=\"wp-block-image size-full is-resized\"><img loading=\"lazy\" decoding=\"async\" width=\"945\" height=\"532\" src=\"http:\/\/adwokatura.krakow.pl\/adwokaci-i-aplikanci\/wp-content\/uploads\/sites\/2\/2024\/06\/PRAWNICY_DZIECIOM_2014_duzy.png\" alt=\"\" class=\"wp-image-4061\" style=\"width:559px;height:auto\" srcset=\"https:\/\/adwokatura.krakow.pl\/adwokaci-i-aplikanci\/wp-content\/uploads\/sites\/2\/2024\/06\/PRAWNICY_DZIECIOM_2014_duzy.png 945w, https:\/\/adwokatura.krakow.pl\/adwokaci-i-aplikanci\/wp-content\/uploads\/sites\/2\/2024\/06\/PRAWNICY_DZIECIOM_2014_duzy-300x169.png 300w, https:\/\/adwokatura.krakow.pl\/adwokaci-i-aplikanci\/wp-content\/uploads\/sites\/2\/2024\/06\/PRAWNICY_DZIECIOM_2014_duzy-768x432.png 768w\" sizes=\"auto, (max-width: 945px) 100vw, 945px\" \/><\/figure>\n","protected":false},"excerpt":{"rendered":"<p>W dniu 12 czerwca odby\u0142o si\u0119 wyj\u0105tkowe spotkanie z podopiecznymi Fundacji o Zdrowie Dziecka przy Uniwersyteckim Szpitalu Dzieci\u0119cym w Krakowie. Adwokaci opowiadali dzieciom o swoich pasjach zwi\u0105zanych z g\u00f3rami, startach w zawodach oraz zasadach bezpiecze\u0144stwa w g\u00f3rach. Dzielili si\u0119 swoimi inspiracjami i motywacjami, a prezentacja sprz\u0119tu wyprawowego wzbudzi\u0142a szczeg\u00f3lne zainteresowanie w\u015br\u00f3d dzieci. W spotkaniu uczestniczy\u0142 [&hellip;]<\/p>\n","protected":false},"author":9,"featured_media":0,"comment_status":"closed","ping_status":"closed","sticky":false,"template":"","format":"standard","meta":{"_acf_changed":false,"inline_featured_image":false,"footnotes":""},"categories":[6],"tags":[],"class_list":["post-4045","post","type-post","status-publish","format-standard","hentry","category-artykuly"],"acf":[],"_links":{"self":[{"href":"https:\/\/adwokatura.krakow.pl\/adwokaci-i-aplikanci\/wp-json\/wp\/v2\/posts\/4045","targetHints":{"allow":["GET"]}}],"collection":[{"href":"https:\/\/adwokatura.krakow.pl\/adwokaci-i-aplikanci\/wp-json\/wp\/v2\/posts"}],"about":[{"href":"https:\/\/adwokatura.krakow.pl\/adwokaci-i-aplikanci\/wp-json\/wp\/v2\/types\/post"}],"author":[{"embeddable":true,"href":"https:\/\/adwokatura.krakow.pl\/adwokaci-i-aplikanci\/wp-json\/wp\/v2\/users\/9"}],"replies":[{"embeddable":true,"href":"https:\/\/adwokatura.krakow.pl\/adwokaci-i-aplikanci\/wp-json\/wp\/v2\/comments?post=4045"}],"version-history":[{"count":1,"href":"https:\/\/adwokatura.krakow.pl\/adwokaci-i-aplikanci\/wp-json\/wp\/v2\/posts\/4045\/revisions"}],"predecessor-version":[{"id":4062,"href":"https:\/\/adwokatura.krakow.pl\/adwokaci-i-aplikanci\/wp-json\/wp\/v2\/posts\/4045\/revisions\/4062"}],"wp:attachment":[{"href":"https:\/\/adwokatura.krakow.pl\/adwokaci-i-aplikanci\/wp-json\/wp\/v2\/media?parent=4045"}],"wp:term":[{"taxonomy":"category","embeddable":true,"href":"https:\/\/adwokatura.krakow.pl\/adwokaci-i-aplikanci\/wp-json\/wp\/v2\/categories?post=4045"},{"taxonomy":"post_tag","embeddable":true,"href":"https:\/\/adwokatura.krakow.pl\/adwokaci-i-aplikanci\/wp-json\/wp\/v2\/tags?post=4045"}],"curies":[{"name":"wp","href":"https:\/\/api.w.org\/{rel}","templated":true}]}}