{"id":4063,"date":"2024-06-14T10:15:00","date_gmt":"2024-06-14T08:15:00","guid":{"rendered":"https:\/\/adwokatura.krakow.pl\/adwokaci-i-aplikanci\/?p=4063"},"modified":"2024-06-14T10:23:37","modified_gmt":"2024-06-14T08:23:37","slug":"badz-gotow-zanim-w-krakowie-zawyja-syreny","status":"publish","type":"post","link":"https:\/\/adwokatura.krakow.pl\/adwokaci-i-aplikanci\/badz-gotow-zanim-w-krakowie-zawyja-syreny\/","title":{"rendered":"&#8222;B\u0105d\u017a got\u00f3w!\u00a0Zanim w Krakowie zawyj\u0105 syreny&#8221;"},"content":{"rendered":"\n<figure class=\"wp-block-image size-large\"><img loading=\"lazy\" decoding=\"async\" width=\"1024\" height=\"682\" src=\"https:\/\/adwokatura.krakow.pl\/adwokaci-i-aplikanci\/wp-content\/uploads\/sites\/2\/2024\/06\/badzgotowhead-1024x682.png\" alt=\"\" class=\"wp-image-4064\" srcset=\"https:\/\/adwokatura.krakow.pl\/adwokaci-i-aplikanci\/wp-content\/uploads\/sites\/2\/2024\/06\/badzgotowhead-1024x682.png 1024w, https:\/\/adwokatura.krakow.pl\/adwokaci-i-aplikanci\/wp-content\/uploads\/sites\/2\/2024\/06\/badzgotowhead-300x200.png 300w, https:\/\/adwokatura.krakow.pl\/adwokaci-i-aplikanci\/wp-content\/uploads\/sites\/2\/2024\/06\/badzgotowhead-768x512.png 768w, https:\/\/adwokatura.krakow.pl\/adwokaci-i-aplikanci\/wp-content\/uploads\/sites\/2\/2024\/06\/badzgotowhead.png 1100w\" sizes=\"auto, (max-width: 1024px) 100vw, 1024px\" \/><\/figure>\n\n\n\n<figure class=\"wp-block-image size-full\"><img loading=\"lazy\" decoding=\"async\" width=\"688\" height=\"265\" src=\"https:\/\/adwokatura.krakow.pl\/adwokaci-i-aplikanci\/wp-content\/uploads\/sites\/2\/2024\/06\/dfdfd.png\" alt=\"\" class=\"wp-image-4065\" srcset=\"https:\/\/adwokatura.krakow.pl\/adwokaci-i-aplikanci\/wp-content\/uploads\/sites\/2\/2024\/06\/dfdfd.png 688w, https:\/\/adwokatura.krakow.pl\/adwokaci-i-aplikanci\/wp-content\/uploads\/sites\/2\/2024\/06\/dfdfd-300x116.png 300w\" sizes=\"auto, (max-width: 688px) 100vw, 688px\" \/><\/figure>\n\n\n\n<h3 class=\"wp-block-heading\"><strong>21 czerwca 2024 r.<\/strong> &#8211; <strong>Krak\u00f3w<\/strong><\/h3>\n\n\n\n<h2 class=\"wp-block-heading\"><strong>Auditorium Maximum UJ\u00a0<\/strong><\/h2>\n\n\n\n<h2 class=\"wp-block-heading\"><strong>ul. Krupnicza 33<\/strong> <\/h2>\n\n\n\n<h2 class=\"wp-block-heading\"><strong>godz. 20.00 \u2013 21.30<\/strong><\/h2>\n\n\n\n<h2 class=\"wp-block-heading\">Zmieniamy sal\u0119 na wi\u0119ksz\u0105!<\/h2>\n\n\n\n<h3 class=\"wp-block-heading\">W zwi\u0105zku z ogromnym zainteresowaniem wydarzeniem zmienili\u015bmy sal\u0119 na dwukrotnie wi\u0119ksz\u0105 (ponad 1000 miejsc). W dalszym ci\u0105gu przyjmujemy zg\u0142oszenia udzia\u0142u na li\u015bcie rezerwowej.&nbsp;<\/h3>\n\n\n\n<p>tel. kontaktowy: 514 33 22 10 (od 9 do 15),<br>e-mail:&nbsp;<a href=\"mailto:biuro@sgpm.krakow.pl\">biuro@sgpm.krakow.pl<\/a>&nbsp;&nbsp;<\/p>\n\n\n<a class=\"button button--zielony-ze-strzalka\" href=\"https:\/\/www.badzgotow.pl\/\">\n        LINK DO PROGRAMU<\/a>\n","protected":false},"excerpt":{"rendered":"<p>21 czerwca 2024 r. &#8211; Krak\u00f3w Auditorium Maximum UJ\u00a0 ul. Krupnicza 33 godz. 20.00 \u2013 21.30 Zmieniamy sal\u0119 na wi\u0119ksz\u0105! W zwi\u0105zku z ogromnym zainteresowaniem wydarzeniem zmienili\u015bmy sal\u0119 na dwukrotnie wi\u0119ksz\u0105 (ponad 1000 miejsc). W dalszym ci\u0105gu przyjmujemy zg\u0142oszenia udzia\u0142u na li\u015bcie rezerwowej.&nbsp; tel. kontaktowy: 514 33 22 10 (od 9 do 15),e-mail:&nbsp;biuro@sgpm.krakow.pl&nbsp;&nbsp;<\/p>\n","protected":false},"author":9,"featured_media":0,"comment_status":"closed","ping_status":"closed","sticky":false,"template":"","format":"standard","meta":{"_acf_changed":false,"inline_featured_image":false,"footnotes":""},"categories":[6],"tags":[40,41],"class_list":["post-4063","post","type-post","status-publish","format-standard","hentry","category-artykuly","tag-badz-gotow","tag-krakow"],"acf":[],"_links":{"self":[{"href":"https:\/\/adwokatura.krakow.pl\/adwokaci-i-aplikanci\/wp-json\/wp\/v2\/posts\/4063","targetHints":{"allow":["GET"]}}],"collection":[{"href":"https:\/\/adwokatura.krakow.pl\/adwokaci-i-aplikanci\/wp-json\/wp\/v2\/posts"}],"about":[{"href":"https:\/\/adwokatura.krakow.pl\/adwokaci-i-aplikanci\/wp-json\/wp\/v2\/types\/post"}],"author":[{"embeddable":true,"href":"https:\/\/adwokatura.krakow.pl\/adwokaci-i-aplikanci\/wp-json\/wp\/v2\/users\/9"}],"replies":[{"embeddable":true,"href":"https:\/\/adwokatura.krakow.pl\/adwokaci-i-aplikanci\/wp-json\/wp\/v2\/comments?post=4063"}],"version-history":[{"count":3,"href":"https:\/\/adwokatura.krakow.pl\/adwokaci-i-aplikanci\/wp-json\/wp\/v2\/posts\/4063\/revisions"}],"predecessor-version":[{"id":4068,"href":"https:\/\/adwokatura.krakow.pl\/adwokaci-i-aplikanci\/wp-json\/wp\/v2\/posts\/4063\/revisions\/4068"}],"wp:attachment":[{"href":"https:\/\/adwokatura.krakow.pl\/adwokaci-i-aplikanci\/wp-json\/wp\/v2\/media?parent=4063"}],"wp:term":[{"taxonomy":"category","embeddable":true,"href":"https:\/\/adwokatura.krakow.pl\/adwokaci-i-aplikanci\/wp-json\/wp\/v2\/categories?post=4063"},{"taxonomy":"post_tag","embeddable":true,"href":"https:\/\/adwokatura.krakow.pl\/adwokaci-i-aplikanci\/wp-json\/wp\/v2\/tags?post=4063"}],"curies":[{"name":"wp","href":"https:\/\/api.w.org\/{rel}","templated":true}]}}