{"id":4134,"date":"2024-07-01T11:29:23","date_gmt":"2024-07-01T09:29:23","guid":{"rendered":"https:\/\/adwokatura.krakow.pl\/adwokaci-i-aplikanci\/?p=4134"},"modified":"2024-07-02T10:15:42","modified_gmt":"2024-07-02T08:15:42","slug":"studiach-podyplomowych-wspolczesne-prawo-spadkowe","status":"publish","type":"post","link":"https:\/\/adwokatura.krakow.pl\/adwokaci-i-aplikanci\/studiach-podyplomowych-wspolczesne-prawo-spadkowe\/","title":{"rendered":"Studiach Podyplomowych \u201eWsp\u00f3\u0142czesne prawo spadkowe\u201d"},"content":{"rendered":"\n<p>Szanowni Pa\u0144stwo,<\/p>\n\n\n\n<p>&nbsp;chcia\u0142bym serdecznie zaprosi\u0107 do uczestnictwa w studiach podyplomowych zatytu\u0142owanych \u201eWsp\u00f3\u0142czesne prawo spadkowe\u201d, kt\u00f3re b\u0119d\u0105 odbywa\u0142y si\u0119 po raz pierwszy w roku akademickim 2024\/25. Organizatorem studi\u00f3w jest Katedra Prawa Cywilnego na Wydziale Prawa i Administracji UJ w Krakowie.<\/p>\n\n\n\n<p>&nbsp;Zapisy na studia rozpoczn\u0105 si\u0119 1 lipca 2024 r. i trwaj\u0105 do wyczerpania miejsc, nie p\u00f3\u017aniej jednak ni\u017c do 19 wrze\u015bnia 2024 r. Wszystkie niezb\u0119dne informacje zawar\u0142em poni\u017cej w kr\u00f3tkim opisie studi\u00f3w. Mog\u0105 je r\u00f3wnie\u017c Pa\u0144stwo znale\u017a\u0107 na stronie internetowej studi\u00f3w (link poni\u017cej).<\/p>\n\n\n\n<p>Opis studi\u00f3w:<\/p>\n\n\n\n<p>&nbsp;<em>Katedra Prawa Cywilnego UJ serdecznie zaprasza do uczestnictwa w rocznych studiach podyplomowych \u201eWsp\u00f3\u0142czesne prawo spadkowe\u201d w roku 2024\/25.<\/em><\/p>\n\n\n\n<p><em>&nbsp;Studia stanowi\u0105 kompleksowe nauczanie prawa spadkowego \u2013 w tym tego tradycyjnego polskiego i mi\u0119dzynarodowego, jak i z zakresu planowania sukcesyjnego. Obejmuj\u0105 zagadnienia cywilnoprawne, administracyjne, prawnopodatkowe, z uwzgl\u0119dnieniem praktyki notarialnej oraz s\u0119dziowskiej. Tematyka zjazd\u00f3w dotyczy tak\u017ce takich zagadnie\u0144 jak m.in. dziedziczenie praw i obowi\u0105zk\u00f3w w sp\u00f3\u0142kach prawa handlowego, zarz\u0105du sukcesyjnego oraz fundacji rodzinnej. Wyk\u0142adowcami s\u0105 pracownicy czo\u0142owych polskich uniwersytet\u00f3w (UJ, U\u015a, UG, UWM, UMCS), a ponadto notariusze, radcowie prawni, adwokaci i s\u0119dziowie.<\/em><\/p>\n\n\n\n<p><em>&nbsp;Zaj\u0119cia s\u0105 wi\u0119c nastawione na nauczanie praktyczne.<\/em><\/p>\n\n\n\n<p><em>&nbsp;Zaj\u0119cia odbywaj\u0105 si\u0119 od pa\u017adziernika 2024 r. do maja 2025 r. (dwa semestry). Terminy zaj\u0119\u0107 wypadaj\u0105 na co drug\u0105 lub co trzeci\u0105 sobot\u0119 od 9.30 do 19.00. B\u0119d\u0105 si\u0119 one odbywa\u0142y stacjonarnie w budynkach Wydzia\u0142u Prawa i Administracji Uniwersytetu Jagiello\u0144skiego w Krakowie.<\/em><\/p>\n\n\n\n<p><em>&nbsp;Oferta studi\u00f3w jest kierowana do prawnik\u00f3w, jak i os\u00f3b wykonuj\u0105cych inne zawody wymagaj\u0105ce znajomo\u015bci prawa spadkowego. Jedynym wymogiem formalnym uczestnictwa w studiach jest posiadanie wykszta\u0142cenia wy\u017cszego (co najmniej uko\u0144czenia studi\u00f3w pierwszego stopnia).<\/em><\/p>\n\n\n\n<p><em>&nbsp;Op\u0142ata za studia podyplomowe wynosi 4400 z\u0142, p\u0142atno\u015b\u0107 w dw\u00f3ch r\u00f3wnych ratach (pierwsza do 15 listopada 2024 r., a druga do 15 marca 2025 r.).<\/em><\/p>\n\n\n\n<p><em>&nbsp;<strong>Zapisy na studia rozpoczynaj\u0105 si\u0119 &nbsp;1 lipca 2024 r. i trwaj\u0105 do wyczerpania miejsc, nie p\u00f3\u017aniej ni\u017c 19 wrze\u015bnia 2024 r.<\/strong><\/em><\/p>\n\n\n<a class=\"button button--zielony-ze-strzalka\" href=\"https:\/\/prawospadkowe.wpia.uj.edu.pl\/strona-glowna\">\n        \u00a0Pe\u0142ne informacje na temat studi\u00f3w<\/a>\n\n\n<a class=\"button button--zielony-ze-strzalka\" href=\"https:\/\/prawospadkowe.wpia.uj.edu.pl\/zapisy\">\n        \u00a0Zapisy<\/a>\n\n\n\n<p><\/p>\n\n\n<a class=\"button button--zielony-ze-strzalka\" href=\"prawospadkowe@uj.edu.pl\">\n        \u00a0Kontakt<\/a>\n\n\n<a class=\"button button--zielony-ze-strzalka\" href=\"https:\/\/www.facebook.com\/PrawoSpadkoweUJ\">\n        Media spo\u0142eczno\u015bciowe<\/a>\n\n\n\n<p>&nbsp;<em>Zach\u0119camy do udzia\u0142u.<\/em><\/p>\n\n\n\n<p><em>Z wyrazami szacunku&nbsp;<\/em><\/p>\n\n\n\n<p><em>Jerzy Pisuli\u0144ski<\/em><\/p>\n\n\n\n<p><em>Prof. dr hab. Jerzy Pisuli\u0144ski<\/em><\/p>\n\n\n\n<p><em>dziekan Wydzia\u0142u Prawa i Administracji<\/em><\/p>\n\n\n\n<p><em>Uniwersytetu Jagiello\u0144skiego<\/em><\/p>\n\n\n\n<p><\/p>\n\n\n\n<p><\/p>\n","protected":false},"excerpt":{"rendered":"<p>Szanowni Pa\u0144stwo, &nbsp;chcia\u0142bym serdecznie zaprosi\u0107 do uczestnictwa w studiach podyplomowych zatytu\u0142owanych \u201eWsp\u00f3\u0142czesne prawo spadkowe\u201d, kt\u00f3re b\u0119d\u0105 odbywa\u0142y si\u0119 po raz pierwszy w roku akademickim 2024\/25. Organizatorem studi\u00f3w jest Katedra Prawa Cywilnego na Wydziale Prawa i Administracji UJ w Krakowie. &nbsp;Zapisy na studia rozpoczn\u0105 si\u0119 1 lipca 2024 r. i trwaj\u0105 do wyczerpania miejsc, nie p\u00f3\u017aniej [&hellip;]<\/p>\n","protected":false},"author":9,"featured_media":0,"comment_status":"closed","ping_status":"closed","sticky":false,"template":"","format":"standard","meta":{"_acf_changed":false,"inline_featured_image":false,"footnotes":""},"categories":[6],"tags":[],"class_list":["post-4134","post","type-post","status-publish","format-standard","hentry","category-artykuly"],"acf":[],"_links":{"self":[{"href":"https:\/\/adwokatura.krakow.pl\/adwokaci-i-aplikanci\/wp-json\/wp\/v2\/posts\/4134","targetHints":{"allow":["GET"]}}],"collection":[{"href":"https:\/\/adwokatura.krakow.pl\/adwokaci-i-aplikanci\/wp-json\/wp\/v2\/posts"}],"about":[{"href":"https:\/\/adwokatura.krakow.pl\/adwokaci-i-aplikanci\/wp-json\/wp\/v2\/types\/post"}],"author":[{"embeddable":true,"href":"https:\/\/adwokatura.krakow.pl\/adwokaci-i-aplikanci\/wp-json\/wp\/v2\/users\/9"}],"replies":[{"embeddable":true,"href":"https:\/\/adwokatura.krakow.pl\/adwokaci-i-aplikanci\/wp-json\/wp\/v2\/comments?post=4134"}],"version-history":[{"count":9,"href":"https:\/\/adwokatura.krakow.pl\/adwokaci-i-aplikanci\/wp-json\/wp\/v2\/posts\/4134\/revisions"}],"predecessor-version":[{"id":4144,"href":"https:\/\/adwokatura.krakow.pl\/adwokaci-i-aplikanci\/wp-json\/wp\/v2\/posts\/4134\/revisions\/4144"}],"wp:attachment":[{"href":"https:\/\/adwokatura.krakow.pl\/adwokaci-i-aplikanci\/wp-json\/wp\/v2\/media?parent=4134"}],"wp:term":[{"taxonomy":"category","embeddable":true,"href":"https:\/\/adwokatura.krakow.pl\/adwokaci-i-aplikanci\/wp-json\/wp\/v2\/categories?post=4134"},{"taxonomy":"post_tag","embeddable":true,"href":"https:\/\/adwokatura.krakow.pl\/adwokaci-i-aplikanci\/wp-json\/wp\/v2\/tags?post=4134"}],"curies":[{"name":"wp","href":"https:\/\/api.w.org\/{rel}","templated":true}]}}