{"id":4145,"date":"2024-07-04T08:43:22","date_gmt":"2024-07-04T06:43:22","guid":{"rendered":"https:\/\/adwokatura.krakow.pl\/adwokaci-i-aplikanci\/?p=4145"},"modified":"2024-07-04T08:43:22","modified_gmt":"2024-07-04T06:43:22","slug":"studia-podyplomowe-prawo-medyczne-iii-ed-2024-2025-inp-pan","status":"publish","type":"post","link":"https:\/\/adwokatura.krakow.pl\/adwokaci-i-aplikanci\/studia-podyplomowe-prawo-medyczne-iii-ed-2024-2025-inp-pan\/","title":{"rendered":"Studia Podyplomowe Prawo Medyczne III ed. 2024\/2025 INP PAN"},"content":{"rendered":"\n<p>Szanowni Pa\u0144stwo,<\/p>\n\n\n\n<p>uprzejmie informuj\u0119, \u017ce w Instytucie Nauk Prawnych PAN rozpocz\u0105\u0142 si\u0119 nab\u00f3r na kolejn\u0105 edycj\u0119 dwusemestralnych <strong>Studi\u00f3w Podyplomowych \u201ePrawo Medyczne\u201d<\/strong>. Ich celem jest przekazanie s\u0142uchaczom kompleksowej wiedzy na temat polskiego prawa medycznego, ze szczeg\u00f3lnym uwzgl\u0119dnieniem aspekt\u00f3w praktycznych. Program Studi\u00f3w obejmuje 171 godzin dydaktycznych, co umo\u017cliwia przedstawienie szerokiego spektrum zagadnie\u0144 (szczeg\u00f3\u0142ow\u0105 list\u0119 proponowanych zaj\u0119\u0107 przesy\u0142am w za\u0142\u0105czeniu).<\/p>\n\n\n\n<p>Zaj\u0119cia w formie wyk\u0142ad\u00f3w oraz wyk\u0142ad\u00f3w z elementami warsztatowymi b\u0119d\u0105 prowadzone w formie zdalnej, co pozwala na uczestnictwo w nich bez konieczno\u015bci dojazdu do siedziby Instytutu Nauk Prawnych PAN. Zaj\u0119cia b\u0119d\u0105 odbywa\u0142y si\u0119 raz lub dwa razy w miesi\u0105cu (listopad 2024 \u2013 czerwiec 2025), w soboty i niedziele.<\/p>\n\n\n\n<p>Termin zapis\u00f3w up\u0142ywa <strong>31 pa\u017adziernika 2024 r.<\/strong> Z uwagi na ograniczon\u0105 liczb\u0119 miejsc, o przyj\u0119ciu na Studia b\u0119dzie decydowa\u0142a kolejno\u015b\u0107 zg\u0142osze\u0144.<\/p>\n\n\n\n<p>Wi\u0119cej informacji dost\u0119pnych jest na stronie internetowej <a href=\"https:\/\/inp.pan.pl\/studia-podyplomowe\/prawo-medyczne\/\">https:\/\/inp.pan.pl\/studia-podyplomowe\/prawo-medyczne\/<\/a>. <\/p>\n\n\n\n<p>Dodatkowe informacje mo\u017cna tak\u017ce uzyska\u0107 pod adresem poczty elektronicznej <a href=\"mailto:p.ochman@inp.pan.pl\">p.ochman@inp.pan.pl<\/a> lub numerem telefonu 699\u00a0856 879.<\/p>\n\n\n<div class=\"zalaczniki\">\n    \n    <div class=\"zalaczniki__wrap\">\n                        <div class=\"zalaczniki__single\">\n                <div class=\"zalaczniki__first\">\n                    <p class=\"zalaczniki__title\">\n                                                    ZAPROSZENIE                                            <\/p>\n                    <p class=\"zalaczniki__file-name\">\n                                                    Zaproszenie-i-program-III-ed.-Prawo-Medyczne-2024_2025.pdf                                            <\/p>\n                <\/div>\n                <div class=\"zalaczniki__middle\">\n                                        <a href=\"https:\/\/adwokatura.krakow.pl\/adwokaci-i-aplikanci\/wp-content\/uploads\/sites\/2\/2024\/07\/Zaproszenie-i-program-III-ed.-Prawo-Medyczne-2024_2025.pdf\">Zobacz plik<\/a>\n                                    <\/div>\n                <div class=\"zalaczniki__last\">\n                                        <a download href=\"https:\/\/adwokatura.krakow.pl\/adwokaci-i-aplikanci\/wp-content\/uploads\/sites\/2\/2024\/07\/Zaproszenie-i-program-III-ed.-Prawo-Medyczne-2024_2025.pdf\">\n                            <img decoding=\"async\" src=\"https:\/\/adwokatura.krakow.pl\/adwokaci-i-aplikanci\/wp-content\/themes\/kia\/dist\/images\/download.svg\" alt=\"download\">\n                        <\/a>\n                                    <\/div>\n               \n            <\/div>\n                <\/div>\n<\/div>\n\n\n<p>\u0141\u0105cz\u0119 wyrazy szacunku,<\/p>\n\n\n\n<p>prof. dr hab. Pawe\u0142 Daniluk<\/p>\n\n\n\n<p>Kierownik Studi\u00f3w Podyplomowych \u201ePrawo Medyczne\u201d<\/p>\n\n\n\n<figure class=\"wp-block-image size-full\"><img loading=\"lazy\" decoding=\"async\" width=\"338\" height=\"200\" src=\"https:\/\/adwokatura.krakow.pl\/adwokaci-i-aplikanci\/wp-content\/uploads\/sites\/2\/2024\/07\/inp.png\" alt=\"\" class=\"wp-image-4146\" srcset=\"https:\/\/adwokatura.krakow.pl\/adwokaci-i-aplikanci\/wp-content\/uploads\/sites\/2\/2024\/07\/inp.png 338w, https:\/\/adwokatura.krakow.pl\/adwokaci-i-aplikanci\/wp-content\/uploads\/sites\/2\/2024\/07\/inp-300x178.png 300w\" sizes=\"auto, (max-width: 338px) 100vw, 338px\" \/><\/figure>\n\n\n\n<p><\/p>\n","protected":false},"excerpt":{"rendered":"<p>Szanowni Pa\u0144stwo, uprzejmie informuj\u0119, \u017ce w Instytucie Nauk Prawnych PAN rozpocz\u0105\u0142 si\u0119 nab\u00f3r na kolejn\u0105 edycj\u0119 dwusemestralnych Studi\u00f3w Podyplomowych \u201ePrawo Medyczne\u201d. Ich celem jest przekazanie s\u0142uchaczom kompleksowej wiedzy na temat polskiego prawa medycznego, ze szczeg\u00f3lnym uwzgl\u0119dnieniem aspekt\u00f3w praktycznych. Program Studi\u00f3w obejmuje 171 godzin dydaktycznych, co umo\u017cliwia przedstawienie szerokiego spektrum zagadnie\u0144 (szczeg\u00f3\u0142ow\u0105 list\u0119 proponowanych zaj\u0119\u0107 przesy\u0142am [&hellip;]<\/p>\n","protected":false},"author":9,"featured_media":0,"comment_status":"closed","ping_status":"closed","sticky":false,"template":"","format":"standard","meta":{"_acf_changed":false,"inline_featured_image":false,"footnotes":""},"categories":[6],"tags":[],"class_list":["post-4145","post","type-post","status-publish","format-standard","hentry","category-artykuly"],"acf":[],"_links":{"self":[{"href":"https:\/\/adwokatura.krakow.pl\/adwokaci-i-aplikanci\/wp-json\/wp\/v2\/posts\/4145","targetHints":{"allow":["GET"]}}],"collection":[{"href":"https:\/\/adwokatura.krakow.pl\/adwokaci-i-aplikanci\/wp-json\/wp\/v2\/posts"}],"about":[{"href":"https:\/\/adwokatura.krakow.pl\/adwokaci-i-aplikanci\/wp-json\/wp\/v2\/types\/post"}],"author":[{"embeddable":true,"href":"https:\/\/adwokatura.krakow.pl\/adwokaci-i-aplikanci\/wp-json\/wp\/v2\/users\/9"}],"replies":[{"embeddable":true,"href":"https:\/\/adwokatura.krakow.pl\/adwokaci-i-aplikanci\/wp-json\/wp\/v2\/comments?post=4145"}],"version-history":[{"count":2,"href":"https:\/\/adwokatura.krakow.pl\/adwokaci-i-aplikanci\/wp-json\/wp\/v2\/posts\/4145\/revisions"}],"predecessor-version":[{"id":4149,"href":"https:\/\/adwokatura.krakow.pl\/adwokaci-i-aplikanci\/wp-json\/wp\/v2\/posts\/4145\/revisions\/4149"}],"wp:attachment":[{"href":"https:\/\/adwokatura.krakow.pl\/adwokaci-i-aplikanci\/wp-json\/wp\/v2\/media?parent=4145"}],"wp:term":[{"taxonomy":"category","embeddable":true,"href":"https:\/\/adwokatura.krakow.pl\/adwokaci-i-aplikanci\/wp-json\/wp\/v2\/categories?post=4145"},{"taxonomy":"post_tag","embeddable":true,"href":"https:\/\/adwokatura.krakow.pl\/adwokaci-i-aplikanci\/wp-json\/wp\/v2\/tags?post=4145"}],"curies":[{"name":"wp","href":"https:\/\/api.w.org\/{rel}","templated":true}]}}