{"id":4150,"date":"2024-07-05T09:28:23","date_gmt":"2024-07-05T07:28:23","guid":{"rendered":"https:\/\/adwokatura.krakow.pl\/adwokaci-i-aplikanci\/?p=4150"},"modified":"2024-07-05T09:28:23","modified_gmt":"2024-07-05T07:28:23","slug":"ogolnopolska-konferencja-naukowa-ekskluzja-spoleczna-osob-z-niepelnosprawnosciami-z-perspektywy-prawa-polskiego-unijnego-i-miedzynarodowego","status":"publish","type":"post","link":"https:\/\/adwokatura.krakow.pl\/adwokaci-i-aplikanci\/ogolnopolska-konferencja-naukowa-ekskluzja-spoleczna-osob-z-niepelnosprawnosciami-z-perspektywy-prawa-polskiego-unijnego-i-miedzynarodowego\/","title":{"rendered":"Og\u00f3lnopolska Konferencja Naukowa \u201eEkskluzja spo\u0142eczna os\u00f3b z niepe\u0142nosprawno\u015bciami z perspektywy prawa polskiego, unijnego i mi\u0119dzynarodowego\u201d."},"content":{"rendered":"\n<figure class=\"wp-block-image size-large is-resized\"><img loading=\"lazy\" decoding=\"async\" width=\"724\" height=\"1024\" src=\"https:\/\/adwokatura.krakow.pl\/adwokaci-i-aplikanci\/wp-content\/uploads\/sites\/2\/2024\/07\/Zaproszenie-OKN-Ekskluzja-spoleczna_page-0001-724x1024.jpg\" alt=\"\" class=\"wp-image-4151\" style=\"width:617px;height:auto\" srcset=\"https:\/\/adwokatura.krakow.pl\/adwokaci-i-aplikanci\/wp-content\/uploads\/sites\/2\/2024\/07\/Zaproszenie-OKN-Ekskluzja-spoleczna_page-0001-724x1024.jpg 724w, https:\/\/adwokatura.krakow.pl\/adwokaci-i-aplikanci\/wp-content\/uploads\/sites\/2\/2024\/07\/Zaproszenie-OKN-Ekskluzja-spoleczna_page-0001-212x300.jpg 212w, https:\/\/adwokatura.krakow.pl\/adwokaci-i-aplikanci\/wp-content\/uploads\/sites\/2\/2024\/07\/Zaproszenie-OKN-Ekskluzja-spoleczna_page-0001-768x1087.jpg 768w, https:\/\/adwokatura.krakow.pl\/adwokaci-i-aplikanci\/wp-content\/uploads\/sites\/2\/2024\/07\/Zaproszenie-OKN-Ekskluzja-spoleczna_page-0001-1085x1536.jpg 1085w, https:\/\/adwokatura.krakow.pl\/adwokaci-i-aplikanci\/wp-content\/uploads\/sites\/2\/2024\/07\/Zaproszenie-OKN-Ekskluzja-spoleczna_page-0001.jpg 1240w\" sizes=\"auto, (max-width: 724px) 100vw, 724px\" \/><\/figure>\n\n\n<a class=\"button button--zielony-ze-strzalka\" href=\"https:\/\/forms.office.com\/pages\/responsepage.aspx?id=1i2Jr2NFVUScBaOYpD8jYu1SRaCLDypJocpqdLcYqB5UQktHUVY0TFdYVFc4S0hBSEFZMlJRRUFUWi4u\">\n        Formularz zg\u0142oszeniowy<\/a>\n","protected":false},"excerpt":{"rendered":"","protected":false},"author":9,"featured_media":0,"comment_status":"closed","ping_status":"closed","sticky":false,"template":"","format":"standard","meta":{"_acf_changed":false,"inline_featured_image":false,"footnotes":""},"categories":[6],"tags":[],"class_list":["post-4150","post","type-post","status-publish","format-standard","hentry","category-artykuly"],"acf":[],"_links":{"self":[{"href":"https:\/\/adwokatura.krakow.pl\/adwokaci-i-aplikanci\/wp-json\/wp\/v2\/posts\/4150","targetHints":{"allow":["GET"]}}],"collection":[{"href":"https:\/\/adwokatura.krakow.pl\/adwokaci-i-aplikanci\/wp-json\/wp\/v2\/posts"}],"about":[{"href":"https:\/\/adwokatura.krakow.pl\/adwokaci-i-aplikanci\/wp-json\/wp\/v2\/types\/post"}],"author":[{"embeddable":true,"href":"https:\/\/adwokatura.krakow.pl\/adwokaci-i-aplikanci\/wp-json\/wp\/v2\/users\/9"}],"replies":[{"embeddable":true,"href":"https:\/\/adwokatura.krakow.pl\/adwokaci-i-aplikanci\/wp-json\/wp\/v2\/comments?post=4150"}],"version-history":[{"count":2,"href":"https:\/\/adwokatura.krakow.pl\/adwokaci-i-aplikanci\/wp-json\/wp\/v2\/posts\/4150\/revisions"}],"predecessor-version":[{"id":4153,"href":"https:\/\/adwokatura.krakow.pl\/adwokaci-i-aplikanci\/wp-json\/wp\/v2\/posts\/4150\/revisions\/4153"}],"wp:attachment":[{"href":"https:\/\/adwokatura.krakow.pl\/adwokaci-i-aplikanci\/wp-json\/wp\/v2\/media?parent=4150"}],"wp:term":[{"taxonomy":"category","embeddable":true,"href":"https:\/\/adwokatura.krakow.pl\/adwokaci-i-aplikanci\/wp-json\/wp\/v2\/categories?post=4150"},{"taxonomy":"post_tag","embeddable":true,"href":"https:\/\/adwokatura.krakow.pl\/adwokaci-i-aplikanci\/wp-json\/wp\/v2\/tags?post=4150"}],"curies":[{"name":"wp","href":"https:\/\/api.w.org\/{rel}","templated":true}]}}