{"id":4164,"date":"2024-07-23T14:21:51","date_gmt":"2024-07-23T12:21:51","guid":{"rendered":"https:\/\/adwokatura.krakow.pl\/adwokaci-i-aplikanci\/?p=4164"},"modified":"2024-07-23T14:21:52","modified_gmt":"2024-07-23T12:21:52","slug":"ksiegowosc-nieczynna-od-24-30-lipca-2024r","status":"publish","type":"post","link":"https:\/\/adwokatura.krakow.pl\/adwokaci-i-aplikanci\/ksiegowosc-nieczynna-od-24-30-lipca-2024r\/","title":{"rendered":"KSI\u0118GOWO\u015aC NIECZYNNA od 24 \u2013 30 lipca 2024r."},"content":{"rendered":"\n<p><em>Szanowni Pa\u0144stwo<\/em><\/p>\n\n\n\n<p>Uprzejmie informujemy, \u017ce od\u00a0<strong>24 do 30 lipca 2024r. Ksi\u0119gowo\u015b\u0107 i Kasa ORA b\u0119d\u0105 zamkni\u0119te<\/strong>!<\/p>\n\n\n\n<p><strong><em>Nie b\u0119dzie mo\u017cliwo\u015bci odebrania legitymacji i wp\u0142at got\u00f3wkowych.<\/em><\/strong><\/p>\n","protected":false},"excerpt":{"rendered":"<p>Szanowni Pa\u0144stwo Uprzejmie informujemy, \u017ce od\u00a024 do 30 lipca 2024r. Ksi\u0119gowo\u015b\u0107 i Kasa ORA b\u0119d\u0105 zamkni\u0119te! Nie b\u0119dzie mo\u017cliwo\u015bci odebrania legitymacji i wp\u0142at got\u00f3wkowych.<\/p>\n","protected":false},"author":8,"featured_media":0,"comment_status":"closed","ping_status":"closed","sticky":false,"template":"","format":"standard","meta":{"_acf_changed":false,"inline_featured_image":false,"footnotes":""},"categories":[6],"tags":[],"class_list":["post-4164","post","type-post","status-publish","format-standard","hentry","category-artykuly"],"acf":[],"_links":{"self":[{"href":"https:\/\/adwokatura.krakow.pl\/adwokaci-i-aplikanci\/wp-json\/wp\/v2\/posts\/4164","targetHints":{"allow":["GET"]}}],"collection":[{"href":"https:\/\/adwokatura.krakow.pl\/adwokaci-i-aplikanci\/wp-json\/wp\/v2\/posts"}],"about":[{"href":"https:\/\/adwokatura.krakow.pl\/adwokaci-i-aplikanci\/wp-json\/wp\/v2\/types\/post"}],"author":[{"embeddable":true,"href":"https:\/\/adwokatura.krakow.pl\/adwokaci-i-aplikanci\/wp-json\/wp\/v2\/users\/8"}],"replies":[{"embeddable":true,"href":"https:\/\/adwokatura.krakow.pl\/adwokaci-i-aplikanci\/wp-json\/wp\/v2\/comments?post=4164"}],"version-history":[{"count":1,"href":"https:\/\/adwokatura.krakow.pl\/adwokaci-i-aplikanci\/wp-json\/wp\/v2\/posts\/4164\/revisions"}],"predecessor-version":[{"id":4165,"href":"https:\/\/adwokatura.krakow.pl\/adwokaci-i-aplikanci\/wp-json\/wp\/v2\/posts\/4164\/revisions\/4165"}],"wp:attachment":[{"href":"https:\/\/adwokatura.krakow.pl\/adwokaci-i-aplikanci\/wp-json\/wp\/v2\/media?parent=4164"}],"wp:term":[{"taxonomy":"category","embeddable":true,"href":"https:\/\/adwokatura.krakow.pl\/adwokaci-i-aplikanci\/wp-json\/wp\/v2\/categories?post=4164"},{"taxonomy":"post_tag","embeddable":true,"href":"https:\/\/adwokatura.krakow.pl\/adwokaci-i-aplikanci\/wp-json\/wp\/v2\/tags?post=4164"}],"curies":[{"name":"wp","href":"https:\/\/api.w.org\/{rel}","templated":true}]}}