{"id":4167,"date":"2024-08-12T11:08:24","date_gmt":"2024-08-12T09:08:24","guid":{"rendered":"https:\/\/adwokatura.krakow.pl\/adwokaci-i-aplikanci\/?p=4167"},"modified":"2024-08-12T11:24:27","modified_gmt":"2024-08-12T09:24:27","slug":"xxxii-ogolnopolska-letnia-spartakiada-prawnikow-poznan-04-08-wrzesnia-2024","status":"publish","type":"post","link":"https:\/\/adwokatura.krakow.pl\/adwokaci-i-aplikanci\/xxxii-ogolnopolska-letnia-spartakiada-prawnikow-poznan-04-08-wrzesnia-2024\/","title":{"rendered":"XXXII OG\u00d3LNOPOLSKA LETNIA SPARTAKIADA PRAWNIK\u00d3W POZNA\u0143 04-08 WRZE\u015aNIA 2024"},"content":{"rendered":"\n<p>Strona wydarzenia: <a href=\"https:\/\/spartakiadaprawnikow.pl\">https:\/\/spartakiadaprawnikow.pl<\/a><\/p>\n\n\n\n<p>Strona Facebook: <a href=\"https:\/\/www.facebook.com\/letniaspartakiadaprawnikow\">https:\/\/www.facebook.com\/letniaspartakiadaprawnikow<\/a><\/p>\n\n\n\n<p>Zapisy: <a href=\"https:\/\/evsport.org\/spartakiada-zapisy\">https:\/\/evsport.org\/spartakiada-zapisy<\/a><\/p>\n\n\n\n<p>E-mail kontaktowy: <a href=\"mailto:organizator@spartakiadaprawnikow.pl\">organizator@spartakiadaprawnikow.pl<\/a><\/p>\n\n\n\n<figure class=\"wp-block-image size-large\"><img loading=\"lazy\" decoding=\"async\" width=\"1024\" height=\"1024\" src=\"https:\/\/adwokatura.krakow.pl\/adwokaci-i-aplikanci\/wp-content\/uploads\/sites\/2\/2024\/08\/grafika_izby-1024x1024.png\" alt=\"\" class=\"wp-image-4197\" srcset=\"https:\/\/adwokatura.krakow.pl\/adwokaci-i-aplikanci\/wp-content\/uploads\/sites\/2\/2024\/08\/grafika_izby-1024x1024.png 1024w, https:\/\/adwokatura.krakow.pl\/adwokaci-i-aplikanci\/wp-content\/uploads\/sites\/2\/2024\/08\/grafika_izby-300x300.png 300w, https:\/\/adwokatura.krakow.pl\/adwokaci-i-aplikanci\/wp-content\/uploads\/sites\/2\/2024\/08\/grafika_izby-150x150.png 150w, https:\/\/adwokatura.krakow.pl\/adwokaci-i-aplikanci\/wp-content\/uploads\/sites\/2\/2024\/08\/grafika_izby-768x768.png 768w, https:\/\/adwokatura.krakow.pl\/adwokaci-i-aplikanci\/wp-content\/uploads\/sites\/2\/2024\/08\/grafika_izby.png 1080w\" sizes=\"auto, (max-width: 1024px) 100vw, 1024px\" \/><\/figure>\n","protected":false},"excerpt":{"rendered":"<p>Strona wydarzenia: https:\/\/spartakiadaprawnikow.pl Strona Facebook: https:\/\/www.facebook.com\/letniaspartakiadaprawnikow Zapisy: https:\/\/evsport.org\/spartakiada-zapisy E-mail kontaktowy: organizator@spartakiadaprawnikow.pl<\/p>\n","protected":false},"author":8,"featured_media":0,"comment_status":"closed","ping_status":"closed","sticky":false,"template":"","format":"standard","meta":{"_acf_changed":false,"inline_featured_image":false,"footnotes":""},"categories":[6],"tags":[],"class_list":["post-4167","post","type-post","status-publish","format-standard","hentry","category-artykuly"],"acf":[],"_links":{"self":[{"href":"https:\/\/adwokatura.krakow.pl\/adwokaci-i-aplikanci\/wp-json\/wp\/v2\/posts\/4167","targetHints":{"allow":["GET"]}}],"collection":[{"href":"https:\/\/adwokatura.krakow.pl\/adwokaci-i-aplikanci\/wp-json\/wp\/v2\/posts"}],"about":[{"href":"https:\/\/adwokatura.krakow.pl\/adwokaci-i-aplikanci\/wp-json\/wp\/v2\/types\/post"}],"author":[{"embeddable":true,"href":"https:\/\/adwokatura.krakow.pl\/adwokaci-i-aplikanci\/wp-json\/wp\/v2\/users\/8"}],"replies":[{"embeddable":true,"href":"https:\/\/adwokatura.krakow.pl\/adwokaci-i-aplikanci\/wp-json\/wp\/v2\/comments?post=4167"}],"version-history":[{"count":2,"href":"https:\/\/adwokatura.krakow.pl\/adwokaci-i-aplikanci\/wp-json\/wp\/v2\/posts\/4167\/revisions"}],"predecessor-version":[{"id":4198,"href":"https:\/\/adwokatura.krakow.pl\/adwokaci-i-aplikanci\/wp-json\/wp\/v2\/posts\/4167\/revisions\/4198"}],"wp:attachment":[{"href":"https:\/\/adwokatura.krakow.pl\/adwokaci-i-aplikanci\/wp-json\/wp\/v2\/media?parent=4167"}],"wp:term":[{"taxonomy":"category","embeddable":true,"href":"https:\/\/adwokatura.krakow.pl\/adwokaci-i-aplikanci\/wp-json\/wp\/v2\/categories?post=4167"},{"taxonomy":"post_tag","embeddable":true,"href":"https:\/\/adwokatura.krakow.pl\/adwokaci-i-aplikanci\/wp-json\/wp\/v2\/tags?post=4167"}],"curies":[{"name":"wp","href":"https:\/\/api.w.org\/{rel}","templated":true}]}}