{"id":4172,"date":"2024-07-31T09:15:24","date_gmt":"2024-07-31T07:15:24","guid":{"rendered":"https:\/\/adwokatura.krakow.pl\/adwokaci-i-aplikanci\/?p=4172"},"modified":"2024-07-31T09:15:24","modified_gmt":"2024-07-31T07:15:24","slug":"proba-wyludzenia-danych","status":"publish","type":"post","link":"https:\/\/adwokatura.krakow.pl\/adwokaci-i-aplikanci\/proba-wyludzenia-danych\/","title":{"rendered":"Pr\u00f3ba wy\u0142udzenia danych"},"content":{"rendered":"\n<p>Szanowni Pa\u0144stwo,<\/p>\n\n\n\n<p>ORA w Krakowie nie prowadzi komunikacji z PT Kole\u017cankami i Kolegami poprzez wiadomo\u015bci SMS.<\/p>\n\n\n\n<p>Otrzymane przez Pa\u0144stwa wiadomo\u015bci to najprawdopodobniej pr\u00f3ba wy\u0142udzenia danych i w\u0142amania na konta, podobnie jak niedawno rozsy\u0142ane wiadomo\u015bci podszywaj\u0105ce si\u0119 pod sie\u0107 sklep\u00f3w \u201eBiedronka\u201d.<\/p>\n\n\n\n<p><a><\/a>Prosz\u0119 zatem spokojnie ich nie \u201eklika\u0107\u201d,<\/p>\n\n\n\n<p>Marcin Kosiorkiewicz<\/p>\n\n\n\n<p>Sekretarz ORA<\/p>\n","protected":false},"excerpt":{"rendered":"<p>Szanowni Pa\u0144stwo, ORA w Krakowie nie prowadzi komunikacji z PT Kole\u017cankami i Kolegami poprzez wiadomo\u015bci SMS. Otrzymane przez Pa\u0144stwa wiadomo\u015bci to najprawdopodobniej pr\u00f3ba wy\u0142udzenia danych i w\u0142amania na konta, podobnie jak niedawno rozsy\u0142ane wiadomo\u015bci podszywaj\u0105ce si\u0119 pod sie\u0107 sklep\u00f3w \u201eBiedronka\u201d. Prosz\u0119 zatem spokojnie ich nie \u201eklika\u0107\u201d, Marcin Kosiorkiewicz Sekretarz ORA<\/p>\n","protected":false},"author":8,"featured_media":0,"comment_status":"closed","ping_status":"closed","sticky":false,"template":"","format":"standard","meta":{"_acf_changed":false,"inline_featured_image":false,"footnotes":""},"categories":[6],"tags":[],"class_list":["post-4172","post","type-post","status-publish","format-standard","hentry","category-artykuly"],"acf":[],"_links":{"self":[{"href":"https:\/\/adwokatura.krakow.pl\/adwokaci-i-aplikanci\/wp-json\/wp\/v2\/posts\/4172","targetHints":{"allow":["GET"]}}],"collection":[{"href":"https:\/\/adwokatura.krakow.pl\/adwokaci-i-aplikanci\/wp-json\/wp\/v2\/posts"}],"about":[{"href":"https:\/\/adwokatura.krakow.pl\/adwokaci-i-aplikanci\/wp-json\/wp\/v2\/types\/post"}],"author":[{"embeddable":true,"href":"https:\/\/adwokatura.krakow.pl\/adwokaci-i-aplikanci\/wp-json\/wp\/v2\/users\/8"}],"replies":[{"embeddable":true,"href":"https:\/\/adwokatura.krakow.pl\/adwokaci-i-aplikanci\/wp-json\/wp\/v2\/comments?post=4172"}],"version-history":[{"count":1,"href":"https:\/\/adwokatura.krakow.pl\/adwokaci-i-aplikanci\/wp-json\/wp\/v2\/posts\/4172\/revisions"}],"predecessor-version":[{"id":4173,"href":"https:\/\/adwokatura.krakow.pl\/adwokaci-i-aplikanci\/wp-json\/wp\/v2\/posts\/4172\/revisions\/4173"}],"wp:attachment":[{"href":"https:\/\/adwokatura.krakow.pl\/adwokaci-i-aplikanci\/wp-json\/wp\/v2\/media?parent=4172"}],"wp:term":[{"taxonomy":"category","embeddable":true,"href":"https:\/\/adwokatura.krakow.pl\/adwokaci-i-aplikanci\/wp-json\/wp\/v2\/categories?post=4172"},{"taxonomy":"post_tag","embeddable":true,"href":"https:\/\/adwokatura.krakow.pl\/adwokaci-i-aplikanci\/wp-json\/wp\/v2\/tags?post=4172"}],"curies":[{"name":"wp","href":"https:\/\/api.w.org\/{rel}","templated":true}]}}