{"id":4176,"date":"2024-08-08T13:40:49","date_gmt":"2024-08-08T11:40:49","guid":{"rendered":"https:\/\/adwokatura.krakow.pl\/adwokaci-i-aplikanci\/?p=4176"},"modified":"2024-08-08T13:40:49","modified_gmt":"2024-08-08T11:40:49","slug":"ksiegowosc-nieczynna-9-08-2024r","status":"publish","type":"post","link":"https:\/\/adwokatura.krakow.pl\/adwokaci-i-aplikanci\/ksiegowosc-nieczynna-9-08-2024r\/","title":{"rendered":"KSI\u0118GOWO\u015aC NIECZYNNA \/ 9.08.2024r."},"content":{"rendered":"\n<p><em>Szanowni Pa\u0144stwo<\/em><\/p>\n\n\n\n<p>Uprzejmie informujemy, \u017ce 9 sierpnia<strong> <\/strong>2024r. Ksi\u0119gowo\u015b\u0107 i Kasa ORA b\u0119d\u0105 zamkni\u0119te!<\/p>\n\n\n\n<p><strong><em>Nie b\u0119dzie mo\u017cliwo\u015bci odebrania legitymacji i wp\u0142at got\u00f3wkowych.<\/em><\/strong><\/p>\n","protected":false},"excerpt":{"rendered":"<p>Szanowni Pa\u0144stwo Uprzejmie informujemy, \u017ce 9 sierpnia 2024r. Ksi\u0119gowo\u015b\u0107 i Kasa ORA b\u0119d\u0105 zamkni\u0119te! Nie b\u0119dzie mo\u017cliwo\u015bci odebrania legitymacji i wp\u0142at got\u00f3wkowych.<\/p>\n","protected":false},"author":9,"featured_media":0,"comment_status":"closed","ping_status":"closed","sticky":false,"template":"","format":"standard","meta":{"_acf_changed":false,"inline_featured_image":false,"footnotes":""},"categories":[6],"tags":[],"class_list":["post-4176","post","type-post","status-publish","format-standard","hentry","category-artykuly"],"acf":[],"_links":{"self":[{"href":"https:\/\/adwokatura.krakow.pl\/adwokaci-i-aplikanci\/wp-json\/wp\/v2\/posts\/4176","targetHints":{"allow":["GET"]}}],"collection":[{"href":"https:\/\/adwokatura.krakow.pl\/adwokaci-i-aplikanci\/wp-json\/wp\/v2\/posts"}],"about":[{"href":"https:\/\/adwokatura.krakow.pl\/adwokaci-i-aplikanci\/wp-json\/wp\/v2\/types\/post"}],"author":[{"embeddable":true,"href":"https:\/\/adwokatura.krakow.pl\/adwokaci-i-aplikanci\/wp-json\/wp\/v2\/users\/9"}],"replies":[{"embeddable":true,"href":"https:\/\/adwokatura.krakow.pl\/adwokaci-i-aplikanci\/wp-json\/wp\/v2\/comments?post=4176"}],"version-history":[{"count":1,"href":"https:\/\/adwokatura.krakow.pl\/adwokaci-i-aplikanci\/wp-json\/wp\/v2\/posts\/4176\/revisions"}],"predecessor-version":[{"id":4177,"href":"https:\/\/adwokatura.krakow.pl\/adwokaci-i-aplikanci\/wp-json\/wp\/v2\/posts\/4176\/revisions\/4177"}],"wp:attachment":[{"href":"https:\/\/adwokatura.krakow.pl\/adwokaci-i-aplikanci\/wp-json\/wp\/v2\/media?parent=4176"}],"wp:term":[{"taxonomy":"category","embeddable":true,"href":"https:\/\/adwokatura.krakow.pl\/adwokaci-i-aplikanci\/wp-json\/wp\/v2\/categories?post=4176"},{"taxonomy":"post_tag","embeddable":true,"href":"https:\/\/adwokatura.krakow.pl\/adwokaci-i-aplikanci\/wp-json\/wp\/v2\/tags?post=4176"}],"curies":[{"name":"wp","href":"https:\/\/api.w.org\/{rel}","templated":true}]}}