{"id":4207,"date":"2024-08-20T12:12:15","date_gmt":"2024-08-20T10:12:15","guid":{"rendered":"https:\/\/adwokatura.krakow.pl\/adwokaci-i-aplikanci\/?p=4207"},"modified":"2024-08-20T12:12:16","modified_gmt":"2024-08-20T10:12:16","slug":"zaproszenie-do-wspolpracy-w-obszarze-legal-design-uniwersytet-swps","status":"publish","type":"post","link":"https:\/\/adwokatura.krakow.pl\/adwokaci-i-aplikanci\/zaproszenie-do-wspolpracy-w-obszarze-legal-design-uniwersytet-swps\/","title":{"rendered":"Zaproszenie do wsp\u00f3\u0142pracy w obszarze Legal Design (Uniwersytet SWPS)"},"content":{"rendered":"\n<p>Szanowni Pa\u0144stwo,<br><br>z przyjemno\u015bci\u0105 zapraszamy Pa\u0144stwa do wsp\u00f3\u0142pracy w ramach <a href=\"https:\/\/swps.pl\/my-uniwersytet\/aktualnosci\/konferencje-i-seminaria\/35377-legal-design-forum-4\" target=\"_blank\" rel=\"noreferrer noopener\"><strong>Legal Design Forum 4<\/strong><\/a>\u00a0\u2013 czwartej edycji konferencji po\u015bwi\u0119conej projektowaniu prawa, kt\u00f3ra odb\u0119dzie si\u0119\u00a0<strong>20 wrze\u015bnia 2024<\/strong>\u00a0roku we\u00a0<strong>Wroc\u0142awiu<\/strong>. Wydarzenie jest organizowane przez\u00a0<strong>Uniwersytet SWPS<\/strong>, jedn\u0105 z najwi\u0119kszych niepublicznych uczelni w Polsce.\u00a0<\/p>\n\n\n\n<p>Forum to miejsce spotka\u0144 dla prawnik\u00f3w, przedsi\u0119biorc\u00f3w, przedstawicieli kancelarii i dzia\u0142\u00f3w prawnych, jak r\u00f3wnie\u017c kadry akademickiej i marketingu prawniczego. Dzi\u0119ki temu stanowi atrakcyjne miejsce do dyskusji i\u00a0<strong>jest okazj\u0105 do realizacji obowi\u0105zku doskonalenia zawodowego.\u00a0<\/strong>W\u015br\u00f3d prelegent\u00f3w nie zabraknie przedstawicieli najwi\u0119kszych polskich kancelarii i \u00a0kadry akademickiej, w tym prof. Dana Jacksona \u2013 Dyrektora NuLawLab na Northeastern University (<strong>wiod\u0105cej pracowni Legal Desing na \u015bwiecie)<\/strong>. Link do programu znajduje si\u0119\u00a0<a href=\"https:\/\/swps.pl\/images\/DOKUMENTY\/legal_design_4\/najnowszy_program_legal_design_forum_4.pdf\" target=\"_blank\" rel=\"noreferrer noopener\">tutaj<\/a>.\u00a0<br><br><strong>Koszt biletu na Forum to 299 z\u0142\u00a0<\/strong>przy rejestracji do 31 sierpnia 2024 roku, za\u015b 399 z\u0142 po tej dacie. Cena obejmuje prelekcje, catering, materia\u0142y ksi\u0105\u017ckowe i dost\u0119p do strefy networkingowej.<br><br>Forum stanowi tak\u017ce doskona\u0142\u0105\u00a0okazj\u0119 do promocji w\u0142asnej i networkingu, jak r\u00f3wnie\u017c pozyskania inspiracji dla rozwoju dzia\u0142alno\u015bci.Dlatego oferujemy Pa\u0144stwu jako Radzie mo\u017cliwo\u015b\u0107 wystawienia stoiska na wydarzeniu.\u00a0<strong>Koszt pakietu wystawcy to 1200 z\u0142 + VAT,<\/strong>\u00a0obejmuj\u0105cy m.in.\u00a0przestrze\u0144 ekspozycyjn\u0105,\u00a0materia\u0142y graficzne\u00a0do publikacji na Pa\u0144stwa social mediach i\u00a0umieszczenie informacji o li\u015bcie wystawc\u00f3w\u00a0na kana\u0142ach SWPS.\u00a0Szczeg\u00f3\u0142y oferty w za\u0142\u0105czeniu.<br><br>W razie dalszych pyta\u0144\u00a0<strong>zapraszamy do kontaktu.<\/strong><\/p>\n\n\n\n<p>\u00a0<em>Z wyrazami szacunku<\/em><\/p>\n\n\n\n<p><strong><em>Marcelina Banach-Wilczy\u0144ska<\/em><\/strong><\/p>\n\n\n<div class=\"zalaczniki\">\n    \n    <div class=\"zalaczniki__wrap\">\n                        <div class=\"zalaczniki__single\">\n                <div class=\"zalaczniki__first\">\n                    <p class=\"zalaczniki__title\">\n                                                    OFERTA                                            <\/p>\n                    <p class=\"zalaczniki__file-name\">\n                                                    oferta_dla_wystawcow.pdf                                            <\/p>\n                <\/div>\n                <div class=\"zalaczniki__middle\">\n                                        <a href=\"https:\/\/adwokatura.krakow.pl\/adwokaci-i-aplikanci\/wp-content\/uploads\/sites\/2\/2024\/08\/oferta_dla_wystawcow.pdf\">Zobacz plik<\/a>\n                                    <\/div>\n                <div class=\"zalaczniki__last\">\n                                        <a download href=\"https:\/\/adwokatura.krakow.pl\/adwokaci-i-aplikanci\/wp-content\/uploads\/sites\/2\/2024\/08\/oferta_dla_wystawcow.pdf\">\n                            <img decoding=\"async\" src=\"https:\/\/adwokatura.krakow.pl\/adwokaci-i-aplikanci\/wp-content\/themes\/kia\/dist\/images\/download.svg\" alt=\"download\">\n                        <\/a>\n                                    <\/div>\n               \n            <\/div>\n                <\/div>\n<\/div>","protected":false},"excerpt":{"rendered":"<p>Szanowni Pa\u0144stwo, z przyjemno\u015bci\u0105 zapraszamy Pa\u0144stwa do wsp\u00f3\u0142pracy w ramach Legal Design Forum 4\u00a0\u2013 czwartej edycji konferencji po\u015bwi\u0119conej projektowaniu prawa, kt\u00f3ra odb\u0119dzie si\u0119\u00a020 wrze\u015bnia 2024\u00a0roku we\u00a0Wroc\u0142awiu. Wydarzenie jest organizowane przez\u00a0Uniwersytet SWPS, jedn\u0105 z najwi\u0119kszych niepublicznych uczelni w Polsce.\u00a0 Forum to miejsce spotka\u0144 dla prawnik\u00f3w, przedsi\u0119biorc\u00f3w, przedstawicieli kancelarii i dzia\u0142\u00f3w prawnych, jak r\u00f3wnie\u017c kadry akademickiej i [&hellip;]<\/p>\n","protected":false},"author":9,"featured_media":0,"comment_status":"closed","ping_status":"closed","sticky":false,"template":"","format":"standard","meta":{"_acf_changed":false,"inline_featured_image":false,"footnotes":""},"categories":[6],"tags":[],"class_list":["post-4207","post","type-post","status-publish","format-standard","hentry","category-artykuly"],"acf":[],"_links":{"self":[{"href":"https:\/\/adwokatura.krakow.pl\/adwokaci-i-aplikanci\/wp-json\/wp\/v2\/posts\/4207","targetHints":{"allow":["GET"]}}],"collection":[{"href":"https:\/\/adwokatura.krakow.pl\/adwokaci-i-aplikanci\/wp-json\/wp\/v2\/posts"}],"about":[{"href":"https:\/\/adwokatura.krakow.pl\/adwokaci-i-aplikanci\/wp-json\/wp\/v2\/types\/post"}],"author":[{"embeddable":true,"href":"https:\/\/adwokatura.krakow.pl\/adwokaci-i-aplikanci\/wp-json\/wp\/v2\/users\/9"}],"replies":[{"embeddable":true,"href":"https:\/\/adwokatura.krakow.pl\/adwokaci-i-aplikanci\/wp-json\/wp\/v2\/comments?post=4207"}],"version-history":[{"count":2,"href":"https:\/\/adwokatura.krakow.pl\/adwokaci-i-aplikanci\/wp-json\/wp\/v2\/posts\/4207\/revisions"}],"predecessor-version":[{"id":4211,"href":"https:\/\/adwokatura.krakow.pl\/adwokaci-i-aplikanci\/wp-json\/wp\/v2\/posts\/4207\/revisions\/4211"}],"wp:attachment":[{"href":"https:\/\/adwokatura.krakow.pl\/adwokaci-i-aplikanci\/wp-json\/wp\/v2\/media?parent=4207"}],"wp:term":[{"taxonomy":"category","embeddable":true,"href":"https:\/\/adwokatura.krakow.pl\/adwokaci-i-aplikanci\/wp-json\/wp\/v2\/categories?post=4207"},{"taxonomy":"post_tag","embeddable":true,"href":"https:\/\/adwokatura.krakow.pl\/adwokaci-i-aplikanci\/wp-json\/wp\/v2\/tags?post=4207"}],"curies":[{"name":"wp","href":"https:\/\/api.w.org\/{rel}","templated":true}]}}