{"id":4252,"date":"2024-09-02T11:37:54","date_gmt":"2024-09-02T09:37:54","guid":{"rendered":"https:\/\/adwokatura.krakow.pl\/adwokaci-i-aplikanci\/?p=4252"},"modified":"2024-09-16T13:41:40","modified_gmt":"2024-09-16T11:41:40","slug":"xvi-edycja-charytatywnego-turnieju-pilki-noznej-im-roberta-parysa","status":"publish","type":"post","link":"https:\/\/adwokatura.krakow.pl\/adwokaci-i-aplikanci\/xvi-edycja-charytatywnego-turnieju-pilki-noznej-im-roberta-parysa\/","title":{"rendered":"XVI edycja Charytatywnego Turnieju Pi\u0142ki No\u017cnej im. Roberta Parysa"},"content":{"rendered":"\n<div class=\"wp-block-columns is-layout-flex wp-container-core-columns-is-layout-9d6595d7 wp-block-columns-is-layout-flex\">\n<div class=\"wp-block-column is-layout-flow wp-block-column-is-layout-flow\">\n<figure class=\"wp-block-image size-large is-resized\"><img loading=\"lazy\" decoding=\"async\" width=\"768\" height=\"1024\" src=\"https:\/\/adwokatura.krakow.pl\/adwokaci-i-aplikanci\/wp-content\/uploads\/sites\/2\/2024\/09\/1-1-768x1024.jpg\" alt=\"\" class=\"wp-image-4254\" style=\"width:339px;height:auto\" srcset=\"https:\/\/adwokatura.krakow.pl\/adwokaci-i-aplikanci\/wp-content\/uploads\/sites\/2\/2024\/09\/1-1-768x1024.jpg 768w, https:\/\/adwokatura.krakow.pl\/adwokaci-i-aplikanci\/wp-content\/uploads\/sites\/2\/2024\/09\/1-1-225x300.jpg 225w, https:\/\/adwokatura.krakow.pl\/adwokaci-i-aplikanci\/wp-content\/uploads\/sites\/2\/2024\/09\/1-1-1152x1536.jpg 1152w, https:\/\/adwokatura.krakow.pl\/adwokaci-i-aplikanci\/wp-content\/uploads\/sites\/2\/2024\/09\/1-1.jpg 1200w\" sizes=\"auto, (max-width: 768px) 100vw, 768px\" \/><\/figure>\n<\/div>\n\n\n\n<div class=\"wp-block-column is-layout-flow wp-block-column-is-layout-flow\">\n<figure class=\"wp-block-image size-large is-resized\"><img loading=\"lazy\" decoding=\"async\" width=\"768\" height=\"1024\" src=\"https:\/\/adwokatura.krakow.pl\/adwokaci-i-aplikanci\/wp-content\/uploads\/sites\/2\/2024\/09\/2-768x1024.jpg\" alt=\"\" class=\"wp-image-4255\" style=\"width:338px;height:auto\" srcset=\"https:\/\/adwokatura.krakow.pl\/adwokaci-i-aplikanci\/wp-content\/uploads\/sites\/2\/2024\/09\/2-768x1024.jpg 768w, https:\/\/adwokatura.krakow.pl\/adwokaci-i-aplikanci\/wp-content\/uploads\/sites\/2\/2024\/09\/2-225x300.jpg 225w, https:\/\/adwokatura.krakow.pl\/adwokaci-i-aplikanci\/wp-content\/uploads\/sites\/2\/2024\/09\/2-1152x1536.jpg 1152w, https:\/\/adwokatura.krakow.pl\/adwokaci-i-aplikanci\/wp-content\/uploads\/sites\/2\/2024\/09\/2.jpg 1200w\" sizes=\"auto, (max-width: 768px) 100vw, 768px\" \/><\/figure>\n<\/div>\n<\/div>\n\n\n\n<div class=\"wp-block-columns is-layout-flex wp-container-core-columns-is-layout-9d6595d7 wp-block-columns-is-layout-flex\">\n<div class=\"wp-block-column is-layout-flow wp-block-column-is-layout-flow\">\n<figure class=\"wp-block-image size-large is-resized\"><img loading=\"lazy\" decoding=\"async\" width=\"768\" height=\"1024\" src=\"https:\/\/adwokatura.krakow.pl\/adwokaci-i-aplikanci\/wp-content\/uploads\/sites\/2\/2024\/09\/3-768x1024.jpg\" alt=\"\" class=\"wp-image-4256\" style=\"width:342px;height:auto\" srcset=\"https:\/\/adwokatura.krakow.pl\/adwokaci-i-aplikanci\/wp-content\/uploads\/sites\/2\/2024\/09\/3-768x1024.jpg 768w, https:\/\/adwokatura.krakow.pl\/adwokaci-i-aplikanci\/wp-content\/uploads\/sites\/2\/2024\/09\/3-225x300.jpg 225w, https:\/\/adwokatura.krakow.pl\/adwokaci-i-aplikanci\/wp-content\/uploads\/sites\/2\/2024\/09\/3-1152x1536.jpg 1152w, https:\/\/adwokatura.krakow.pl\/adwokaci-i-aplikanci\/wp-content\/uploads\/sites\/2\/2024\/09\/3.jpg 1536w\" sizes=\"auto, (max-width: 768px) 100vw, 768px\" \/><\/figure>\n<\/div>\n\n\n\n<div class=\"wp-block-column is-layout-flow wp-block-column-is-layout-flow\">\n<figure class=\"wp-block-image size-full is-resized\"><img loading=\"lazy\" decoding=\"async\" width=\"720\" height=\"720\" src=\"https:\/\/adwokatura.krakow.pl\/adwokaci-i-aplikanci\/wp-content\/uploads\/sites\/2\/2024\/09\/4.jpeg\" alt=\"\" class=\"wp-image-4257\" style=\"width:438px;height:auto\" srcset=\"https:\/\/adwokatura.krakow.pl\/adwokaci-i-aplikanci\/wp-content\/uploads\/sites\/2\/2024\/09\/4.jpeg 720w, https:\/\/adwokatura.krakow.pl\/adwokaci-i-aplikanci\/wp-content\/uploads\/sites\/2\/2024\/09\/4-300x300.jpeg 300w, https:\/\/adwokatura.krakow.pl\/adwokaci-i-aplikanci\/wp-content\/uploads\/sites\/2\/2024\/09\/4-150x150.jpeg 150w\" sizes=\"auto, (max-width: 720px) 100vw, 720px\" \/><\/figure>\n<\/div>\n<\/div>\n\n\n\n<figure class=\"wp-block-image size-large is-resized\"><img loading=\"lazy\" decoding=\"async\" width=\"1024\" height=\"768\" src=\"https:\/\/adwokatura.krakow.pl\/adwokaci-i-aplikanci\/wp-content\/uploads\/sites\/2\/2024\/09\/IMG-20240902-WA0007-1-1024x768.jpg\" alt=\"\" class=\"wp-image-4260\" style=\"width:857px;height:auto\" srcset=\"https:\/\/adwokatura.krakow.pl\/adwokaci-i-aplikanci\/wp-content\/uploads\/sites\/2\/2024\/09\/IMG-20240902-WA0007-1-1024x768.jpg 1024w, https:\/\/adwokatura.krakow.pl\/adwokaci-i-aplikanci\/wp-content\/uploads\/sites\/2\/2024\/09\/IMG-20240902-WA0007-1-300x225.jpg 300w, https:\/\/adwokatura.krakow.pl\/adwokaci-i-aplikanci\/wp-content\/uploads\/sites\/2\/2024\/09\/IMG-20240902-WA0007-1-768x576.jpg 768w, https:\/\/adwokatura.krakow.pl\/adwokaci-i-aplikanci\/wp-content\/uploads\/sites\/2\/2024\/09\/IMG-20240902-WA0007-1-1536x1152.jpg 1536w, https:\/\/adwokatura.krakow.pl\/adwokaci-i-aplikanci\/wp-content\/uploads\/sites\/2\/2024\/09\/IMG-20240902-WA0007-1.jpg 1600w\" sizes=\"auto, (max-width: 1024px) 100vw, 1024px\" \/><\/figure>\n\n\n\n<p>1 wrze\u015bnia odby\u0142a si\u0119 XVI edycja Charytatywnego Turnieju Pi\u0142ki No\u017cnej im. Roberta Parysa na rzecz Fundacji Uniwersyteckiego Szpitala Dzieci\u0119cego w Krakowie \u201eO ZDROWIE DZIECKA\u201d, kt\u00f3rego celem jest zbi\u00f3rka pieni\u0119dzy na zakup sprz\u0119tu medycznego dla Uniwersyteckiego Szpitala Dzieci\u0119cego w Krakowie.<\/p>\n\n\n\n<p>Po raz kolejny, w tym szczytnym celu,&nbsp;wzi\u0119li&nbsp;udzia\u0142&nbsp;cz\u0142onkowie Krakowskiej Izby Adwokackiej, kt\u00f3rzy wspierani przez Pana Dziekana Aleksandra Guta oraz cz\u0142onka ORA Pana Dariusza Gradziego wystawili do gry dwie dru\u017cyny pi\u0142karskie.<\/p>\n\n\n\n<p>W tegorocznej edycji wzi\u0119\u0142o udzia\u0142 18 dru\u017cyn, w tym m.in.: dwie dru\u017cyny&nbsp;Krakowskiej Izby Adwokackiej, dwie dru\u017cyny Okr\u0119gowej Izby Radc\u00f3w Prawnych w Krakowie, a tak\u017ce Izby Notarialnej w Krakowie, Izby Komorniczej w Krakowie, Prokuratorzy i S\u0119dziowie Krak\u00f3w, ORA Rzesz\u00f3w, ORA Bielsko &#8211; Bia\u0142a.<\/p>\n\n\n\n<p>Opr\u00f3cz wk\u0142adu finansowego i pi\u0142karskiego, cz\u0142onkowie naszej Izby przekazali na licytacj\u0119 pami\u0105tki sportowe, kt\u00f3re b\u0119dzie mo\u017cna niebawem wylicytowa\u0107. Z ca\u0142\u0105 pewno\u015bci\u0105 ka\u017cdy fan sportu, znajdzie co\u015b dla siebie, bowiem na licytacj\u0119 trafi\u0105 m.in. :<\/p>\n\n\n\n<p>1\/ r\u0119kawice bokserskie oraz spodenki Micha\u0142a Cie\u015blaka &#8211; mistrza Europy&nbsp;wagi junior ci\u0119\u017ckiej, pretendenta do walki&nbsp;o mistrzostwo \u015bwiata WBC,<\/p>\n\n\n\n<p>2\/ r\u0119kawice bokserskie oraz koszulka Mariusza Wacha &#8211;&nbsp;by\u0142ego posiadacza pas\u00f3w&nbsp;WBC&nbsp;International oraz federacji&nbsp;TWBA&nbsp;w&nbsp;wadze ci\u0119\u017ckiej,<\/p>\n\n\n\n<p>3\/ r\u0119kawice&nbsp;bokserskie Tomasza Sarara &#8211; wielokrotnego mistrza Polski w kickboxingu,<\/p>\n\n\n\n<p>4\/ r\u0119kawice&nbsp;bokserskie Ernesto Hoosta &#8211; wielokrotne mistrza \u015awiata i Europy w&nbsp;sportach walki,&nbsp;czterokrotnego mistrza&nbsp;K-1 World Grand Prix,<\/p>\n\n\n\n<p>5\/ koszulk\u0119 pi\u0142karsk\u0105 z autografami dru\u017cyny Korona Kielce,<\/p>\n\n\n\n<p>6\/&nbsp;koszulk\u0119 pi\u0142karsk\u0105&nbsp;z autografami dru\u017cyny Puszcza Niepo\u0142omice<\/p>\n\n\n\n<p><strong><a href=\"https:\/\/allegro.pl\/oferta\/rekawice-bokserskie-z-autografem-oraz-spodenki-michala-cieslaka-16479543475\"><u>Przesy\u0142am r\u00f3wnie\u017c link do <\/u>licytacji<\/a><\/strong><\/p>\n\n\n\n<figure class=\"wp-block-embed\"><div class=\"wp-block-embed__wrapper\">\nhttps:\/\/allegro.pl\/oferta\/rekawice-bokserskie-z-autografem-oraz-spodenki-michala-cieslaka-16479543475\n<\/div><\/figure>\n\n\n\n<figure class=\"wp-block-embed is-type-wp-embed is-provider-fundacja-o-zdrowie-dziecka wp-block-embed-fundacja-o-zdrowie-dziecka\"><div class=\"wp-block-embed__wrapper\">\n<blockquote class=\"wp-embedded-content\" data-secret=\"WPfE45NEH2\"><a href=\"https:\/\/ozdrowiedziecka.org\/2024\/06\/05\/xvi-edycja-akcji-prawnicy-chorym-dzieciom-rok-2024\/\">16. EDYCJA AKCJI PRAWNICY CHORYM DZIECIOM<\/a><\/blockquote><iframe loading=\"lazy\" class=\"wp-embedded-content\" sandbox=\"allow-scripts\" security=\"restricted\" style=\"position: absolute; visibility: hidden;\" title=\"&#8222;16. EDYCJA AKCJI PRAWNICY CHORYM DZIECIOM&#8221; &#8212; Fundacja O ZDROWIE DZIECKA\" src=\"https:\/\/ozdrowiedziecka.org\/2024\/06\/05\/xvi-edycja-akcji-prawnicy-chorym-dzieciom-rok-2024\/embed\/#?secret=mtoYFXcEu8#?secret=WPfE45NEH2\" data-secret=\"WPfE45NEH2\" width=\"500\" height=\"282\" frameborder=\"0\" marginwidth=\"0\" marginheight=\"0\" scrolling=\"no\"><\/iframe>\n<\/div><\/figure>\n\n\n\n<figure class=\"wp-block-embed\"><div class=\"wp-block-embed__wrapper\">\nhttps:\/\/www.facebook.com\/events\/1138351127284838\n<\/div><\/figure>\n\n\n\n<p><strong><u>Na chwil\u0119 obecn\u0105 nie ma jeszcze wystawionych przedmiot\u00f3w do licytacji, ale powinny si\u0119&nbsp;one pojawi\u0107 tu:<\/u><\/strong><\/p>\n\n\n\n<figure class=\"wp-block-embed\"><div class=\"wp-block-embed__wrapper\">\nhttps:\/\/allegro.pl\/charytatywni\/fundacja-uniwersyteckiego-szpitala-dzieciecego-w-krakowie-o-zdrowie-dziecka\n<\/div><\/figure>\n\n\n\n<p>__________________<\/p>\n\n\n\n<p>Z wyrazami szacunku,<\/p>\n\n\n\n<p>adw. Dawid Wo\u017aniak<\/p>\n","protected":false},"excerpt":{"rendered":"<p>1 wrze\u015bnia odby\u0142a si\u0119 XVI edycja Charytatywnego Turnieju Pi\u0142ki No\u017cnej im. Roberta Parysa na rzecz Fundacji Uniwersyteckiego Szpitala Dzieci\u0119cego w Krakowie \u201eO ZDROWIE DZIECKA\u201d, kt\u00f3rego celem jest zbi\u00f3rka pieni\u0119dzy na zakup sprz\u0119tu medycznego dla Uniwersyteckiego Szpitala Dzieci\u0119cego w Krakowie. Po raz kolejny, w tym szczytnym celu,&nbsp;wzi\u0119li&nbsp;udzia\u0142&nbsp;cz\u0142onkowie Krakowskiej Izby Adwokackiej, kt\u00f3rzy wspierani przez Pana Dziekana Aleksandra [&hellip;]<\/p>\n","protected":false},"author":9,"featured_media":0,"comment_status":"closed","ping_status":"closed","sticky":false,"template":"","format":"standard","meta":{"_acf_changed":false,"inline_featured_image":false,"footnotes":""},"categories":[6],"tags":[],"class_list":["post-4252","post","type-post","status-publish","format-standard","hentry","category-artykuly"],"acf":[],"_links":{"self":[{"href":"https:\/\/adwokatura.krakow.pl\/adwokaci-i-aplikanci\/wp-json\/wp\/v2\/posts\/4252","targetHints":{"allow":["GET"]}}],"collection":[{"href":"https:\/\/adwokatura.krakow.pl\/adwokaci-i-aplikanci\/wp-json\/wp\/v2\/posts"}],"about":[{"href":"https:\/\/adwokatura.krakow.pl\/adwokaci-i-aplikanci\/wp-json\/wp\/v2\/types\/post"}],"author":[{"embeddable":true,"href":"https:\/\/adwokatura.krakow.pl\/adwokaci-i-aplikanci\/wp-json\/wp\/v2\/users\/9"}],"replies":[{"embeddable":true,"href":"https:\/\/adwokatura.krakow.pl\/adwokaci-i-aplikanci\/wp-json\/wp\/v2\/comments?post=4252"}],"version-history":[{"count":4,"href":"https:\/\/adwokatura.krakow.pl\/adwokaci-i-aplikanci\/wp-json\/wp\/v2\/posts\/4252\/revisions"}],"predecessor-version":[{"id":4409,"href":"https:\/\/adwokatura.krakow.pl\/adwokaci-i-aplikanci\/wp-json\/wp\/v2\/posts\/4252\/revisions\/4409"}],"wp:attachment":[{"href":"https:\/\/adwokatura.krakow.pl\/adwokaci-i-aplikanci\/wp-json\/wp\/v2\/media?parent=4252"}],"wp:term":[{"taxonomy":"category","embeddable":true,"href":"https:\/\/adwokatura.krakow.pl\/adwokaci-i-aplikanci\/wp-json\/wp\/v2\/categories?post=4252"},{"taxonomy":"post_tag","embeddable":true,"href":"https:\/\/adwokatura.krakow.pl\/adwokaci-i-aplikanci\/wp-json\/wp\/v2\/tags?post=4252"}],"curies":[{"name":"wp","href":"https:\/\/api.w.org\/{rel}","templated":true}]}}