{"id":4345,"date":"2024-09-09T09:35:31","date_gmt":"2024-09-09T07:35:31","guid":{"rendered":"https:\/\/adwokatura.krakow.pl\/adwokaci-i-aplikanci\/?p=4345"},"modified":"2024-09-09T09:35:32","modified_gmt":"2024-09-09T07:35:32","slug":"relacja-z-konkursu-krasomowczego-w-rzeszowie","status":"publish","type":"post","link":"https:\/\/adwokatura.krakow.pl\/adwokaci-i-aplikanci\/relacja-z-konkursu-krasomowczego-w-rzeszowie\/","title":{"rendered":"Relacja z Konkursu Krasom\u00f3wczego w Rzeszowie"},"content":{"rendered":"\n<p>Szanowni Pa\u0144stwo<\/p>\n\n\n\n<p>Spieszymy uprzejmie donie\u015b\u0107, i\u017c w dniu 8.09.2024r. przedstawicielka Krakowskiej Izby Adwokackiej apl. adw. Anna Buczek zaj\u0119\u0142a III miejsce w \u015arodowiskowym Konkursie Krasom\u00f3wczym w Rzeszowie.<\/p>\n\n\n\n<p>Serdecznie gratulujemy Pani apl. adw. Annie Buczek, jak i Panu apl. adw. Adrianowi Go\u0142\u0119biowi reprezentuj\u0105cemu KIA.<\/p>\n\n\n\n<figure class=\"wp-block-image size-large is-resized\"><img loading=\"lazy\" decoding=\"async\" width=\"768\" height=\"1024\" src=\"https:\/\/adwokatura.krakow.pl\/adwokaci-i-aplikanci\/wp-content\/uploads\/sites\/2\/2024\/09\/IMG-20240909-WA0001-768x1024.jpg\" alt=\"\" class=\"wp-image-4346\" style=\"width:515px;height:auto\" srcset=\"https:\/\/adwokatura.krakow.pl\/adwokaci-i-aplikanci\/wp-content\/uploads\/sites\/2\/2024\/09\/IMG-20240909-WA0001-768x1024.jpg 768w, https:\/\/adwokatura.krakow.pl\/adwokaci-i-aplikanci\/wp-content\/uploads\/sites\/2\/2024\/09\/IMG-20240909-WA0001-225x300.jpg 225w, https:\/\/adwokatura.krakow.pl\/adwokaci-i-aplikanci\/wp-content\/uploads\/sites\/2\/2024\/09\/IMG-20240909-WA0001-1152x1536.jpg 1152w, https:\/\/adwokatura.krakow.pl\/adwokaci-i-aplikanci\/wp-content\/uploads\/sites\/2\/2024\/09\/IMG-20240909-WA0001.jpg 1200w\" sizes=\"auto, (max-width: 768px) 100vw, 768px\" \/><\/figure>\n\n\n\n<div class=\"wp-block-columns is-layout-flex wp-container-core-columns-is-layout-9d6595d7 wp-block-columns-is-layout-flex\">\n<div class=\"wp-block-column is-layout-flow wp-block-column-is-layout-flow\">\n<figure class=\"wp-block-image size-large\"><img loading=\"lazy\" decoding=\"async\" width=\"768\" height=\"1024\" src=\"https:\/\/adwokatura.krakow.pl\/adwokaci-i-aplikanci\/wp-content\/uploads\/sites\/2\/2024\/09\/IMG-20240909-WA0011-768x1024.jpg\" alt=\"\" class=\"wp-image-4347\" srcset=\"https:\/\/adwokatura.krakow.pl\/adwokaci-i-aplikanci\/wp-content\/uploads\/sites\/2\/2024\/09\/IMG-20240909-WA0011-768x1024.jpg 768w, https:\/\/adwokatura.krakow.pl\/adwokaci-i-aplikanci\/wp-content\/uploads\/sites\/2\/2024\/09\/IMG-20240909-WA0011-225x300.jpg 225w, https:\/\/adwokatura.krakow.pl\/adwokaci-i-aplikanci\/wp-content\/uploads\/sites\/2\/2024\/09\/IMG-20240909-WA0011-1152x1536.jpg 1152w, https:\/\/adwokatura.krakow.pl\/adwokaci-i-aplikanci\/wp-content\/uploads\/sites\/2\/2024\/09\/IMG-20240909-WA0011.jpg 1200w\" sizes=\"auto, (max-width: 768px) 100vw, 768px\" \/><\/figure>\n<\/div>\n\n\n\n<div class=\"wp-block-column is-layout-flow wp-block-column-is-layout-flow\">\n<figure class=\"wp-block-image size-large\"><img loading=\"lazy\" decoding=\"async\" width=\"768\" height=\"1024\" src=\"https:\/\/adwokatura.krakow.pl\/adwokaci-i-aplikanci\/wp-content\/uploads\/sites\/2\/2024\/09\/IMG-20240909-WA0013-768x1024.jpg\" alt=\"\" class=\"wp-image-4348\" srcset=\"https:\/\/adwokatura.krakow.pl\/adwokaci-i-aplikanci\/wp-content\/uploads\/sites\/2\/2024\/09\/IMG-20240909-WA0013-768x1024.jpg 768w, https:\/\/adwokatura.krakow.pl\/adwokaci-i-aplikanci\/wp-content\/uploads\/sites\/2\/2024\/09\/IMG-20240909-WA0013-225x300.jpg 225w, https:\/\/adwokatura.krakow.pl\/adwokaci-i-aplikanci\/wp-content\/uploads\/sites\/2\/2024\/09\/IMG-20240909-WA0013-1152x1536.jpg 1152w, https:\/\/adwokatura.krakow.pl\/adwokaci-i-aplikanci\/wp-content\/uploads\/sites\/2\/2024\/09\/IMG-20240909-WA0013.jpg 1200w\" sizes=\"auto, (max-width: 768px) 100vw, 768px\" \/><\/figure>\n<\/div>\n<\/div>\n\n\n\n<figure class=\"wp-block-image size-large\"><img loading=\"lazy\" decoding=\"async\" width=\"1024\" height=\"768\" src=\"https:\/\/adwokatura.krakow.pl\/adwokaci-i-aplikanci\/wp-content\/uploads\/sites\/2\/2024\/09\/IMG-20240909-WA0006-1024x768.jpg\" alt=\"\" class=\"wp-image-4349\" srcset=\"https:\/\/adwokatura.krakow.pl\/adwokaci-i-aplikanci\/wp-content\/uploads\/sites\/2\/2024\/09\/IMG-20240909-WA0006-1024x768.jpg 1024w, https:\/\/adwokatura.krakow.pl\/adwokaci-i-aplikanci\/wp-content\/uploads\/sites\/2\/2024\/09\/IMG-20240909-WA0006-300x225.jpg 300w, https:\/\/adwokatura.krakow.pl\/adwokaci-i-aplikanci\/wp-content\/uploads\/sites\/2\/2024\/09\/IMG-20240909-WA0006-768x576.jpg 768w, https:\/\/adwokatura.krakow.pl\/adwokaci-i-aplikanci\/wp-content\/uploads\/sites\/2\/2024\/09\/IMG-20240909-WA0006-1536x1152.jpg 1536w, https:\/\/adwokatura.krakow.pl\/adwokaci-i-aplikanci\/wp-content\/uploads\/sites\/2\/2024\/09\/IMG-20240909-WA0006.jpg 1600w\" sizes=\"auto, (max-width: 1024px) 100vw, 1024px\" \/><\/figure>\n","protected":false},"excerpt":{"rendered":"<p>Szanowni Pa\u0144stwo Spieszymy uprzejmie donie\u015b\u0107, i\u017c w dniu 8.09.2024r. przedstawicielka Krakowskiej Izby Adwokackiej apl. adw. Anna Buczek zaj\u0119\u0142a III miejsce w \u015arodowiskowym Konkursie Krasom\u00f3wczym w Rzeszowie. Serdecznie gratulujemy Pani apl. adw. Annie Buczek, jak i Panu apl. adw. Adrianowi Go\u0142\u0119biowi reprezentuj\u0105cemu KIA.<\/p>\n","protected":false},"author":9,"featured_media":0,"comment_status":"closed","ping_status":"closed","sticky":false,"template":"","format":"standard","meta":{"_acf_changed":false,"inline_featured_image":false,"footnotes":""},"categories":[6],"tags":[],"class_list":["post-4345","post","type-post","status-publish","format-standard","hentry","category-artykuly"],"acf":[],"_links":{"self":[{"href":"https:\/\/adwokatura.krakow.pl\/adwokaci-i-aplikanci\/wp-json\/wp\/v2\/posts\/4345","targetHints":{"allow":["GET"]}}],"collection":[{"href":"https:\/\/adwokatura.krakow.pl\/adwokaci-i-aplikanci\/wp-json\/wp\/v2\/posts"}],"about":[{"href":"https:\/\/adwokatura.krakow.pl\/adwokaci-i-aplikanci\/wp-json\/wp\/v2\/types\/post"}],"author":[{"embeddable":true,"href":"https:\/\/adwokatura.krakow.pl\/adwokaci-i-aplikanci\/wp-json\/wp\/v2\/users\/9"}],"replies":[{"embeddable":true,"href":"https:\/\/adwokatura.krakow.pl\/adwokaci-i-aplikanci\/wp-json\/wp\/v2\/comments?post=4345"}],"version-history":[{"count":1,"href":"https:\/\/adwokatura.krakow.pl\/adwokaci-i-aplikanci\/wp-json\/wp\/v2\/posts\/4345\/revisions"}],"predecessor-version":[{"id":4350,"href":"https:\/\/adwokatura.krakow.pl\/adwokaci-i-aplikanci\/wp-json\/wp\/v2\/posts\/4345\/revisions\/4350"}],"wp:attachment":[{"href":"https:\/\/adwokatura.krakow.pl\/adwokaci-i-aplikanci\/wp-json\/wp\/v2\/media?parent=4345"}],"wp:term":[{"taxonomy":"category","embeddable":true,"href":"https:\/\/adwokatura.krakow.pl\/adwokaci-i-aplikanci\/wp-json\/wp\/v2\/categories?post=4345"},{"taxonomy":"post_tag","embeddable":true,"href":"https:\/\/adwokatura.krakow.pl\/adwokaci-i-aplikanci\/wp-json\/wp\/v2\/tags?post=4345"}],"curies":[{"name":"wp","href":"https:\/\/api.w.org\/{rel}","templated":true}]}}