{"id":4400,"date":"2024-09-16T12:26:43","date_gmt":"2024-09-16T10:26:43","guid":{"rendered":"https:\/\/adwokatura.krakow.pl\/adwokaci-i-aplikanci\/?p=4400"},"modified":"2024-09-16T12:26:43","modified_gmt":"2024-09-16T10:26:43","slug":"ogolnopolska-pielgrzymka-prawnikow-2024","status":"publish","type":"post","link":"https:\/\/adwokatura.krakow.pl\/adwokaci-i-aplikanci\/ogolnopolska-pielgrzymka-prawnikow-2024\/","title":{"rendered":"Og\u00f3lnopolska Pielgrzymka Prawnik\u00f3w 2024"},"content":{"rendered":"\n<figure class=\"wp-block-image size-large\"><img loading=\"lazy\" decoding=\"async\" width=\"724\" height=\"1024\" src=\"https:\/\/adwokatura.krakow.pl\/adwokaci-i-aplikanci\/wp-content\/uploads\/sites\/2\/2024\/09\/Pielgrzymka-prawnikow-2024-724x1024.jpg\" alt=\"\" class=\"wp-image-4401\" srcset=\"https:\/\/adwokatura.krakow.pl\/adwokaci-i-aplikanci\/wp-content\/uploads\/sites\/2\/2024\/09\/Pielgrzymka-prawnikow-2024-724x1024.jpg 724w, https:\/\/adwokatura.krakow.pl\/adwokaci-i-aplikanci\/wp-content\/uploads\/sites\/2\/2024\/09\/Pielgrzymka-prawnikow-2024-212x300.jpg 212w, https:\/\/adwokatura.krakow.pl\/adwokaci-i-aplikanci\/wp-content\/uploads\/sites\/2\/2024\/09\/Pielgrzymka-prawnikow-2024-768x1086.jpg 768w, https:\/\/adwokatura.krakow.pl\/adwokaci-i-aplikanci\/wp-content\/uploads\/sites\/2\/2024\/09\/Pielgrzymka-prawnikow-2024-1086x1536.jpg 1086w, https:\/\/adwokatura.krakow.pl\/adwokaci-i-aplikanci\/wp-content\/uploads\/sites\/2\/2024\/09\/Pielgrzymka-prawnikow-2024.jpg 1414w\" sizes=\"auto, (max-width: 724px) 100vw, 724px\" \/><\/figure>\n\n\n\n<p>Szcz\u0119\u015b\u0107 Bo\u017ce Szanowni Pa\u0144stwo,<\/p>\n\n\n\n<p>W imieniu Bpa Janusza Stepnowskiego oraz w\u0142asnym serdecznie zapraszam do udzia\u0142u w 45. Og\u00f3lnopolskiej Pielgrzymce Prawnik\u00f3w na Jasn\u0105 G\u00f3r\u0119 w sobot\u0119 <strong>5 pa\u017adziernika 2024 r.<\/strong><\/p>\n\n\n\n<p>W tym celu przesy\u0142am w za\u0142\u0105czniku plakat z programem Pielgrzymki.<\/p>\n\n\n\n<p>PROGRAM PIELGRZYMKI:<\/p>\n\n\n\n<p><strong>9:30 DROGA KRZY\u017bOWA<\/strong> na Wa\u0142ach Jasnej G\u00f3ry<\/p>\n\n\n\n<p><strong>11:00 EUCHARYSTIA<\/strong> w Kaplicy Cudownego Obrazu.<\/p>\n\n\n\n<p>Przewodniczy i homili\u0119 wyg\u0142osi Bp Janusz Stepnowski, Delegat KEP ds. Duszpasterstwa Prawnik\u00f3w<\/p>\n\n\n\n<p><strong>12:15 KONFERENCJA<\/strong>: \u201eWsp\u00f3\u0142czesne wyzwania dla ochrony prawa do \u017cycia w Polsce\u201d.<\/p>\n\n\n\n<p>Prof. KUL dr hab. Krzysztof Wiak, s\u0119dzia S\u0105du Najwy\u017cszego, cz\u0142onek Papieskiej Akademii pro Vita<\/p>\n\n\n\n<p><strong>13:30 ZAKO\u0143CZENIE<\/strong><\/p>\n\n\n\n<p>&#8212;<\/p>\n\n\n\n<p><em><strong>Ks. dr Grzegorz Zieli\u0144ski, prof. URad.<\/strong><br>Krajowy Duszpasterz Prawnik\u00f3w<\/em><\/p>\n","protected":false},"excerpt":{"rendered":"<p>Szcz\u0119\u015b\u0107 Bo\u017ce Szanowni Pa\u0144stwo, W imieniu Bpa Janusza Stepnowskiego oraz w\u0142asnym serdecznie zapraszam do udzia\u0142u w 45. Og\u00f3lnopolskiej Pielgrzymce Prawnik\u00f3w na Jasn\u0105 G\u00f3r\u0119 w sobot\u0119 5 pa\u017adziernika 2024 r. W tym celu przesy\u0142am w za\u0142\u0105czniku plakat z programem Pielgrzymki. PROGRAM PIELGRZYMKI: 9:30 DROGA KRZY\u017bOWA na Wa\u0142ach Jasnej G\u00f3ry 11:00 EUCHARYSTIA w Kaplicy Cudownego Obrazu. Przewodniczy [&hellip;]<\/p>\n","protected":false},"author":9,"featured_media":0,"comment_status":"closed","ping_status":"closed","sticky":false,"template":"","format":"standard","meta":{"_acf_changed":false,"inline_featured_image":false,"footnotes":""},"categories":[6],"tags":[],"class_list":["post-4400","post","type-post","status-publish","format-standard","hentry","category-artykuly"],"acf":[],"_links":{"self":[{"href":"https:\/\/adwokatura.krakow.pl\/adwokaci-i-aplikanci\/wp-json\/wp\/v2\/posts\/4400","targetHints":{"allow":["GET"]}}],"collection":[{"href":"https:\/\/adwokatura.krakow.pl\/adwokaci-i-aplikanci\/wp-json\/wp\/v2\/posts"}],"about":[{"href":"https:\/\/adwokatura.krakow.pl\/adwokaci-i-aplikanci\/wp-json\/wp\/v2\/types\/post"}],"author":[{"embeddable":true,"href":"https:\/\/adwokatura.krakow.pl\/adwokaci-i-aplikanci\/wp-json\/wp\/v2\/users\/9"}],"replies":[{"embeddable":true,"href":"https:\/\/adwokatura.krakow.pl\/adwokaci-i-aplikanci\/wp-json\/wp\/v2\/comments?post=4400"}],"version-history":[{"count":1,"href":"https:\/\/adwokatura.krakow.pl\/adwokaci-i-aplikanci\/wp-json\/wp\/v2\/posts\/4400\/revisions"}],"predecessor-version":[{"id":4402,"href":"https:\/\/adwokatura.krakow.pl\/adwokaci-i-aplikanci\/wp-json\/wp\/v2\/posts\/4400\/revisions\/4402"}],"wp:attachment":[{"href":"https:\/\/adwokatura.krakow.pl\/adwokaci-i-aplikanci\/wp-json\/wp\/v2\/media?parent=4400"}],"wp:term":[{"taxonomy":"category","embeddable":true,"href":"https:\/\/adwokatura.krakow.pl\/adwokaci-i-aplikanci\/wp-json\/wp\/v2\/categories?post=4400"},{"taxonomy":"post_tag","embeddable":true,"href":"https:\/\/adwokatura.krakow.pl\/adwokaci-i-aplikanci\/wp-json\/wp\/v2\/tags?post=4400"}],"curies":[{"name":"wp","href":"https:\/\/api.w.org\/{rel}","templated":true}]}}