{"id":4418,"date":"2024-09-17T09:41:07","date_gmt":"2024-09-17T07:41:07","guid":{"rendered":"https:\/\/adwokatura.krakow.pl\/adwokaci-i-aplikanci\/?p=4418"},"modified":"2024-09-17T09:41:07","modified_gmt":"2024-09-17T07:41:07","slug":"v-radomskie-spotkania-prawnikow-dostep-do-zawodow-prawniczych","status":"publish","type":"post","link":"https:\/\/adwokatura.krakow.pl\/adwokaci-i-aplikanci\/v-radomskie-spotkania-prawnikow-dostep-do-zawodow-prawniczych\/","title":{"rendered":"V Radomskie Spotkania Prawnik\u00f3w: \u201eDost\u0119p do zawod\u00f3w prawniczych\u201d"},"content":{"rendered":"\n<p><\/p>\n\n\n\n<p>11 pa\u017adziernika 2024 r. w siedzibie Uniwersytetu Radomskiego im. Kazimierza Pu\u0142askiego odb\u0119dzie si\u0119 w ramach V Radomskich Spotka\u0144 Prawnik\u00f3w Og\u00f3lnopolska Konferencja Naukowa na temat: \u201eDost\u0119p do zawod\u00f3w prawniczych\u201d, na kt\u00f3r\u0105 w imieniu Okr\u0119gowej Rady Adwokackiej w Radomiu oraz swoim w\u0142asnym uprzejmie zapraszam.<\/p>\n\n\n\n<p>Organizatorem konferencji podobnie jak w latach ubieg\u0142ych jest Izba Adwokacka w Radomiu, Okr\u0119gowa Izba Radc\u00f3w Prawnych w Kielcach, Stowarzyszenie S\u0119dzi\u00f3w Polskich IUSTITIA Oddzia\u0142 w Radomiu oraz Uniwersytet Radomski im. Kazimierza Pu\u0142askiego<\/p>\n\n\n\n<p>Nadchodz\u0105ca konferencja, tak jak i poprzednie,&nbsp; po\u015bwi\u0119cona zostanie istotnym i aktualnym problemom prawnym. Uk\u0142ad konferencji zosta\u0142 skonstruowany w oparciu o kilka za\u0142o\u017ce\u0144. Pierwsze z nich sprowadza si\u0119 do tezy, zgodnie z kt\u00f3r\u0105 niezale\u017cnie od posiadanych przez prawnika wiedzy i umiej\u0119tno\u015bci, przymiotem, jakim powinien si\u0119 on cechowa\u0107 bez wzgl\u0119du na to czy jest adwokatem, s\u0119dzi\u0105 czy radc\u0105 prawnym, jest&nbsp; nieskazitelno\u015b\u0107 charakteru. Drugie z za\u0142o\u017ce\u0144 oparte jest na oczywistej konstatacji, \u017ce w polskim modelu dost\u0119pu do zawod\u00f3w prawniczych wa\u017cn\u0105&nbsp; rol\u0119 odgrywaj\u0105 szeroko rozumiane instytucje \u2013 kszta\u0142c\u0105ce prawnik\u00f3w szko\u0142y wy\u017csze, samorz\u0105dy zawodowe&nbsp; adwokat\u00f3w i radc\u00f3w prawnych, organy konstytucyjne i wyspecjalizowany podmiot w postaci Krajowej Szko\u0142y S\u0105downictwa i Prokuratury. Przyj\u0119to r\u00f3wnie\u017c, \u017ce dla formu\u0142owania postulat\u00f3w de lege ferenda przydatne b\u0119d\u0105 nie tylko wnioski p\u0142yn\u0105ce z analizy teoretycznoprawnej&nbsp; polskiego prawa okre\u015blaj\u0105cego dost\u0119p do zawod\u00f3w prawniczych&nbsp; i praktyki jego stosowania ale r\u00f3wnie\u017c zapoznanie si\u0119 z wzorcami normatywnymi w innych pa\u0144stwach.<\/p>\n\n\n\n<p>Tak jak w wypadku poprzednich spotka\u0144, w nadchodz\u0105cych wezm\u0105 udzia\u0142 wybitni teoretycy i praktycy, legitymuj\u0105cy si\u0119 spektakularnym dorobkiem w zakresie obj\u0119tym tematyk\u0105 Konferencji.<\/p>\n\n\n\n<p>W za\u0142\u0105czeniu przesy\u0142amy szczeg\u00f3\u0142owe zaproszenie z pro\u015bb\u0105 o przekazanie Cz\u0142onkom Pa\u0144stwa Izby w zwyczajowo przyj\u0119ty spos\u00f3b.<\/p>\n\n\n\n<p>Zapraszamy wszystkich zainteresowanych do udzia\u0142u w charakterze obserwator\u00f3w i dyskutant\u00f3w w formie stacjonarnej, b\u0105d\u017a te\u017c w formie on-line.<\/p>\n\n\n\n<p>Poni\u017cej podajemy link umo\u017cliwiaj\u0105cy zarejestrowanie si\u0119 w charakterze uczestnika oraz wybranie formy uczestnictwa.<\/p>\n\n\n<div class=\"zalaczniki\">\n    \n    <div class=\"zalaczniki__wrap\">\n                        <div class=\"zalaczniki__single\">\n                <div class=\"zalaczniki__first\">\n                    <p class=\"zalaczniki__title\">\n                                                    PROGRAM                                            <\/p>\n                    <p class=\"zalaczniki__file-name\">\n                                                    Program-konferencji.pdf                                            <\/p>\n                <\/div>\n                <div class=\"zalaczniki__middle\">\n                                        <a href=\"https:\/\/adwokatura.krakow.pl\/adwokaci-i-aplikanci\/wp-content\/uploads\/sites\/2\/2024\/09\/Program-konferencji.pdf\">Zobacz plik<\/a>\n                                    <\/div>\n                <div class=\"zalaczniki__last\">\n                                        <a download href=\"https:\/\/adwokatura.krakow.pl\/adwokaci-i-aplikanci\/wp-content\/uploads\/sites\/2\/2024\/09\/Program-konferencji.pdf\">\n                            <img decoding=\"async\" src=\"https:\/\/adwokatura.krakow.pl\/adwokaci-i-aplikanci\/wp-content\/themes\/kia\/dist\/images\/download.svg\" alt=\"download\">\n                        <\/a>\n                                    <\/div>\n               \n            <\/div>\n                    <div class=\"zalaczniki__single\">\n                <div class=\"zalaczniki__first\">\n                    <p class=\"zalaczniki__title\">\n                                                    ZAPROSZENIE                                            <\/p>\n                    <p class=\"zalaczniki__file-name\">\n                                                    Zaproszenie.pdf                                            <\/p>\n                <\/div>\n                <div class=\"zalaczniki__middle\">\n                                        <a href=\"https:\/\/adwokatura.krakow.pl\/adwokaci-i-aplikanci\/wp-content\/uploads\/sites\/2\/2024\/09\/Zaproszenie.pdf\">Zobacz plik<\/a>\n                                    <\/div>\n                <div class=\"zalaczniki__last\">\n                                        <a download href=\"https:\/\/adwokatura.krakow.pl\/adwokaci-i-aplikanci\/wp-content\/uploads\/sites\/2\/2024\/09\/Zaproszenie.pdf\">\n                            <img decoding=\"async\" src=\"https:\/\/adwokatura.krakow.pl\/adwokaci-i-aplikanci\/wp-content\/themes\/kia\/dist\/images\/download.svg\" alt=\"download\">\n                        <\/a>\n                                    <\/div>\n               \n            <\/div>\n                <\/div>\n<\/div>\n\n\n<figure class=\"wp-block-embed\"><div class=\"wp-block-embed__wrapper\">\nhttps:\/\/forms.office.com\/Pages\/ResponsePage.aspx?id=mw8z2Wsuj0uYnUPYTwYTwtHvXDVdZdhLi30EAlIpSKpUMEkwOE4wUVFOUVpJSlRGMFQ1WVRITkIxSy4u\n<\/div><\/figure>\n\n\n\n<p>Z powa\u017caniem,<\/p>\n\n\n\n<p>adw. Marek Jagielski<\/p>\n\n\n\n<p>Dziekan Okr\u0119gowej Rady Adwokackiej w Radomiu<\/p>\n","protected":false},"excerpt":{"rendered":"<p>11 pa\u017adziernika 2024 r. w siedzibie Uniwersytetu Radomskiego im. Kazimierza Pu\u0142askiego odb\u0119dzie si\u0119 w ramach V Radomskich Spotka\u0144 Prawnik\u00f3w Og\u00f3lnopolska Konferencja Naukowa na temat: \u201eDost\u0119p do zawod\u00f3w prawniczych\u201d, na kt\u00f3r\u0105 w imieniu Okr\u0119gowej Rady Adwokackiej w Radomiu oraz swoim w\u0142asnym uprzejmie zapraszam. Organizatorem konferencji podobnie jak w latach ubieg\u0142ych jest Izba Adwokacka w Radomiu, Okr\u0119gowa [&hellip;]<\/p>\n","protected":false},"author":9,"featured_media":0,"comment_status":"closed","ping_status":"closed","sticky":false,"template":"","format":"standard","meta":{"_acf_changed":false,"inline_featured_image":false,"footnotes":""},"categories":[6],"tags":[],"class_list":["post-4418","post","type-post","status-publish","format-standard","hentry","category-artykuly"],"acf":[],"_links":{"self":[{"href":"https:\/\/adwokatura.krakow.pl\/adwokaci-i-aplikanci\/wp-json\/wp\/v2\/posts\/4418","targetHints":{"allow":["GET"]}}],"collection":[{"href":"https:\/\/adwokatura.krakow.pl\/adwokaci-i-aplikanci\/wp-json\/wp\/v2\/posts"}],"about":[{"href":"https:\/\/adwokatura.krakow.pl\/adwokaci-i-aplikanci\/wp-json\/wp\/v2\/types\/post"}],"author":[{"embeddable":true,"href":"https:\/\/adwokatura.krakow.pl\/adwokaci-i-aplikanci\/wp-json\/wp\/v2\/users\/9"}],"replies":[{"embeddable":true,"href":"https:\/\/adwokatura.krakow.pl\/adwokaci-i-aplikanci\/wp-json\/wp\/v2\/comments?post=4418"}],"version-history":[{"count":2,"href":"https:\/\/adwokatura.krakow.pl\/adwokaci-i-aplikanci\/wp-json\/wp\/v2\/posts\/4418\/revisions"}],"predecessor-version":[{"id":4422,"href":"https:\/\/adwokatura.krakow.pl\/adwokaci-i-aplikanci\/wp-json\/wp\/v2\/posts\/4418\/revisions\/4422"}],"wp:attachment":[{"href":"https:\/\/adwokatura.krakow.pl\/adwokaci-i-aplikanci\/wp-json\/wp\/v2\/media?parent=4418"}],"wp:term":[{"taxonomy":"category","embeddable":true,"href":"https:\/\/adwokatura.krakow.pl\/adwokaci-i-aplikanci\/wp-json\/wp\/v2\/categories?post=4418"},{"taxonomy":"post_tag","embeddable":true,"href":"https:\/\/adwokatura.krakow.pl\/adwokaci-i-aplikanci\/wp-json\/wp\/v2\/tags?post=4418"}],"curies":[{"name":"wp","href":"https:\/\/api.w.org\/{rel}","templated":true}]}}