{"id":4449,"date":"2024-09-17T12:17:20","date_gmt":"2024-09-17T10:17:20","guid":{"rendered":"https:\/\/adwokatura.krakow.pl\/adwokaci-i-aplikanci\/?p=4449"},"modified":"2024-09-17T12:17:20","modified_gmt":"2024-09-17T10:17:20","slug":"zbiorka-dla-ofiar-powodzi","status":"publish","type":"post","link":"https:\/\/adwokatura.krakow.pl\/adwokaci-i-aplikanci\/zbiorka-dla-ofiar-powodzi\/","title":{"rendered":"ZBI\u00d3RKA DLA OFIAR POWODZI"},"content":{"rendered":"\n<p>Drodzy Cz\u0142onkowie Krakowskiej Palestry,<\/p>\n\n\n\n<p>W obliczu trudnej sytuacji, jaka dotkn\u0119\u0142a wiele rodzin z powodu powodzi, zwracamy si\u0119 do Was z pro\u015bb\u0105 o wsparcie. Wielu ludzi straci\u0142o sw\u00f3j dobytek, a teraz bardziej ni\u017c kiedykolwiek potrzebuj\u0105 naszej pomocy.<\/p>\n\n\n\n<p>Prezydent Krakowa Aleksander Miszalski zaapelowa\u0142 do mieszka\u0144c\u00f3w Krakowa o w\u0142\u0105czenie si\u0119 w zbi\u00f3rk\u0119 dla ofiar powodzi, a my ten apel powielamy ! Zach\u0119camy ka\u017cdego, kto ma mo\u017cliwo\u015b\u0107, do w\u0142\u0105czenia si\u0119 w akcj\u0119 pomocow\u0105.<\/p>\n\n\n\n<p>Wszystkie szczeg\u00f3\u0142y dotycz\u0105ce form pomocy znajdziecie na stronie internetowej :<\/p>\n\n\n\n<figure class=\"wp-block-embed\"><div class=\"wp-block-embed__wrapper\">\nhttps:\/\/www.krakow.pl\/&#8230;\/286694,29,komunikat,pomoc_dla&#8230;\n<\/div><\/figure>\n\n\n\n<p>Ju\u017c nie jeden raz Cz\u0142onkowie Krakowskiej Izby wykazali si\u0119 dobroci\u0105 i zaanga\u017cowaniem w pomoc potrzebuj\u0105cym \u2013 tym razem wierz\u0119, \u017ce te\u017c aktywnie b\u0119dziemy w niej uczestniczy\u0107!<\/p>\n\n\n\n<p>adw. Aleksander Gut<\/p>\n\n\n\n<p>Dziekan ORA w Krakowie<\/p>\n","protected":false},"excerpt":{"rendered":"<p>Drodzy Cz\u0142onkowie Krakowskiej Palestry, W obliczu trudnej sytuacji, jaka dotkn\u0119\u0142a wiele rodzin z powodu powodzi, zwracamy si\u0119 do Was z pro\u015bb\u0105 o wsparcie. Wielu ludzi straci\u0142o sw\u00f3j dobytek, a teraz bardziej ni\u017c kiedykolwiek potrzebuj\u0105 naszej pomocy. Prezydent Krakowa Aleksander Miszalski zaapelowa\u0142 do mieszka\u0144c\u00f3w Krakowa o w\u0142\u0105czenie si\u0119 w zbi\u00f3rk\u0119 dla ofiar powodzi, a my ten [&hellip;]<\/p>\n","protected":false},"author":9,"featured_media":0,"comment_status":"closed","ping_status":"closed","sticky":false,"template":"","format":"standard","meta":{"_acf_changed":false,"inline_featured_image":false,"footnotes":""},"categories":[6],"tags":[56,57],"class_list":["post-4449","post","type-post","status-publish","format-standard","hentry","category-artykuly","tag-powodz","tag-zbiorka"],"acf":[],"_links":{"self":[{"href":"https:\/\/adwokatura.krakow.pl\/adwokaci-i-aplikanci\/wp-json\/wp\/v2\/posts\/4449","targetHints":{"allow":["GET"]}}],"collection":[{"href":"https:\/\/adwokatura.krakow.pl\/adwokaci-i-aplikanci\/wp-json\/wp\/v2\/posts"}],"about":[{"href":"https:\/\/adwokatura.krakow.pl\/adwokaci-i-aplikanci\/wp-json\/wp\/v2\/types\/post"}],"author":[{"embeddable":true,"href":"https:\/\/adwokatura.krakow.pl\/adwokaci-i-aplikanci\/wp-json\/wp\/v2\/users\/9"}],"replies":[{"embeddable":true,"href":"https:\/\/adwokatura.krakow.pl\/adwokaci-i-aplikanci\/wp-json\/wp\/v2\/comments?post=4449"}],"version-history":[{"count":1,"href":"https:\/\/adwokatura.krakow.pl\/adwokaci-i-aplikanci\/wp-json\/wp\/v2\/posts\/4449\/revisions"}],"predecessor-version":[{"id":4450,"href":"https:\/\/adwokatura.krakow.pl\/adwokaci-i-aplikanci\/wp-json\/wp\/v2\/posts\/4449\/revisions\/4450"}],"wp:attachment":[{"href":"https:\/\/adwokatura.krakow.pl\/adwokaci-i-aplikanci\/wp-json\/wp\/v2\/media?parent=4449"}],"wp:term":[{"taxonomy":"category","embeddable":true,"href":"https:\/\/adwokatura.krakow.pl\/adwokaci-i-aplikanci\/wp-json\/wp\/v2\/categories?post=4449"},{"taxonomy":"post_tag","embeddable":true,"href":"https:\/\/adwokatura.krakow.pl\/adwokaci-i-aplikanci\/wp-json\/wp\/v2\/tags?post=4449"}],"curies":[{"name":"wp","href":"https:\/\/api.w.org\/{rel}","templated":true}]}}