{"id":4451,"date":"2024-09-17T12:19:45","date_gmt":"2024-09-17T10:19:45","guid":{"rendered":"https:\/\/adwokatura.krakow.pl\/adwokaci-i-aplikanci\/?p=4451"},"modified":"2024-09-17T12:19:45","modified_gmt":"2024-09-17T10:19:45","slug":"zbiorka-pieniedzy-dla-adwokatow-i-aplikantow-adwokackich-ora-opole","status":"publish","type":"post","link":"https:\/\/adwokatura.krakow.pl\/adwokaci-i-aplikanci\/zbiorka-pieniedzy-dla-adwokatow-i-aplikantow-adwokackich-ora-opole\/","title":{"rendered":"Zbi\u00f3rka pieni\u0119dzy dla adwokat\u00f3w i aplikant\u00f3w adwokackich \/ ORA OPOLE"},"content":{"rendered":"\n<figure class=\"wp-block-image size-large is-resized\"><img loading=\"lazy\" decoding=\"async\" width=\"768\" height=\"1024\" src=\"https:\/\/adwokatura.krakow.pl\/adwokaci-i-aplikanci\/wp-content\/uploads\/sites\/2\/2024\/09\/IMG-20240917-WA0001-768x1024.jpg\" alt=\"\" class=\"wp-image-4452\" style=\"width:427px;height:auto\" srcset=\"https:\/\/adwokatura.krakow.pl\/adwokaci-i-aplikanci\/wp-content\/uploads\/sites\/2\/2024\/09\/IMG-20240917-WA0001-768x1024.jpg 768w, https:\/\/adwokatura.krakow.pl\/adwokaci-i-aplikanci\/wp-content\/uploads\/sites\/2\/2024\/09\/IMG-20240917-WA0001-225x300.jpg 225w, https:\/\/adwokatura.krakow.pl\/adwokaci-i-aplikanci\/wp-content\/uploads\/sites\/2\/2024\/09\/IMG-20240917-WA0001-1152x1536.jpg 1152w, https:\/\/adwokatura.krakow.pl\/adwokaci-i-aplikanci\/wp-content\/uploads\/sites\/2\/2024\/09\/IMG-20240917-WA0001.jpg 1200w\" sizes=\"auto, (max-width: 768px) 100vw, 768px\" \/><\/figure>\n\n\n\n<p><em>Szanowni Pa\u0144stwo,<\/em><\/p>\n\n\n\n<p><em>Kole\u017canki, Koledzy Adwokaci i Aplikanci Adwokaccy,<\/em><\/p>\n\n\n\n<p>Jeste\u015bmy g\u0142\u0119boko poruszeni tragicznymi wydarzeniami, kt\u00f3re dotkn\u0119\u0142y nasz region. W\u015br\u00f3d os\u00f3b poszkodowanych w wyniku kl\u0119ski powodzi znale\u017ali si\u0119 tak\u017ce nasze Kole\u017canki i Koledzy z Izby. Ju\u017c teraz wiemy o co najmniej czterech cz\u0142onkach naszej Izby, kt\u00f3rzy wymaga\u0107 b\u0119d\u0105 wsparcia. Niestety, maj\u0105c na wzgl\u0119dzie dynamiczny rozw\u00f3j sytuacji powodziowej, nie jest wykluczone, \u017ce stan ten ulegnie zmianie.<\/p>\n\n\n\n<p>W zwi\u0105zku z powy\u017cszym Okr\u0119gowa Rada Adwokacka w Opolu we wsp\u00f3\u0142pracy z Fundacj\u0105 Adwokatury Opolskiej podj\u0119\u0142a inicjatyw\u0119 pomocy Adwokatom i Aplikantom adwokackim naszej Izby, kt\u00f3rzy ucierpieli w wyniku&nbsp;powodzi.<\/p>\n\n\n\n<p>Osoby zainteresowane udzieleniem wsparcia w formie darowizny mog\u0105 wp\u0142aca\u0107 pieni\u0105dze na rachunek bankowy Fundacji Adwokatury Opolskiej, adres: ul. Gen. J\u00f3zefa Dwernickiego 1\/1, 45-049 Opole, KRS: 0000886802 prowadzony w mBank S.A. o numerze:&nbsp;<strong>65 1140 1788 0000 2826 9600 1001<\/strong>. Dopisek:&nbsp;<strong>\u201ePOW\u00d3D\u0179\u201d.<\/strong><\/p>\n\n\n\n<p><em>Z powa\u017caniem<\/em><\/p>\n\n\n\n<p><em>Adw. \u0141ukasz W\u00f3jcik<\/em><br><em>Dziekan ORA w Opolu<\/em><\/p>\n\n\n\n<p><em>Adw. Marian A. Jagielski<\/em><br><em>Prezes Fundacji Adwokatury Opolskiej<\/em><\/p>\n","protected":false},"excerpt":{"rendered":"<p>Szanowni Pa\u0144stwo, Kole\u017canki, Koledzy Adwokaci i Aplikanci Adwokaccy, Jeste\u015bmy g\u0142\u0119boko poruszeni tragicznymi wydarzeniami, kt\u00f3re dotkn\u0119\u0142y nasz region. W\u015br\u00f3d os\u00f3b poszkodowanych w wyniku kl\u0119ski powodzi znale\u017ali si\u0119 tak\u017ce nasze Kole\u017canki i Koledzy z Izby. Ju\u017c teraz wiemy o co najmniej czterech cz\u0142onkach naszej Izby, kt\u00f3rzy wymaga\u0107 b\u0119d\u0105 wsparcia. Niestety, maj\u0105c na wzgl\u0119dzie dynamiczny rozw\u00f3j sytuacji powodziowej, [&hellip;]<\/p>\n","protected":false},"author":9,"featured_media":0,"comment_status":"closed","ping_status":"closed","sticky":false,"template":"","format":"standard","meta":{"_acf_changed":false,"inline_featured_image":false,"footnotes":""},"categories":[6],"tags":[58,56,57],"class_list":["post-4451","post","type-post","status-publish","format-standard","hentry","category-artykuly","tag-opole","tag-powodz","tag-zbiorka"],"acf":[],"_links":{"self":[{"href":"https:\/\/adwokatura.krakow.pl\/adwokaci-i-aplikanci\/wp-json\/wp\/v2\/posts\/4451","targetHints":{"allow":["GET"]}}],"collection":[{"href":"https:\/\/adwokatura.krakow.pl\/adwokaci-i-aplikanci\/wp-json\/wp\/v2\/posts"}],"about":[{"href":"https:\/\/adwokatura.krakow.pl\/adwokaci-i-aplikanci\/wp-json\/wp\/v2\/types\/post"}],"author":[{"embeddable":true,"href":"https:\/\/adwokatura.krakow.pl\/adwokaci-i-aplikanci\/wp-json\/wp\/v2\/users\/9"}],"replies":[{"embeddable":true,"href":"https:\/\/adwokatura.krakow.pl\/adwokaci-i-aplikanci\/wp-json\/wp\/v2\/comments?post=4451"}],"version-history":[{"count":1,"href":"https:\/\/adwokatura.krakow.pl\/adwokaci-i-aplikanci\/wp-json\/wp\/v2\/posts\/4451\/revisions"}],"predecessor-version":[{"id":4453,"href":"https:\/\/adwokatura.krakow.pl\/adwokaci-i-aplikanci\/wp-json\/wp\/v2\/posts\/4451\/revisions\/4453"}],"wp:attachment":[{"href":"https:\/\/adwokatura.krakow.pl\/adwokaci-i-aplikanci\/wp-json\/wp\/v2\/media?parent=4451"}],"wp:term":[{"taxonomy":"category","embeddable":true,"href":"https:\/\/adwokatura.krakow.pl\/adwokaci-i-aplikanci\/wp-json\/wp\/v2\/categories?post=4451"},{"taxonomy":"post_tag","embeddable":true,"href":"https:\/\/adwokatura.krakow.pl\/adwokaci-i-aplikanci\/wp-json\/wp\/v2\/tags?post=4451"}],"curies":[{"name":"wp","href":"https:\/\/api.w.org\/{rel}","templated":true}]}}