{"id":4459,"date":"2024-09-23T12:30:50","date_gmt":"2024-09-23T10:30:50","guid":{"rendered":"https:\/\/adwokatura.krakow.pl\/adwokaci-i-aplikanci\/?p=4459"},"modified":"2024-09-23T12:30:50","modified_gmt":"2024-09-23T10:30:50","slug":"zawiadomienie-o-terminie-i-miejscu-przeprowadzenia-egzaminu-wstepnego-na-aplikacje-adwokacka-na-obszarze-wlasciwosci-okregowej-rady-adwokackiej-w-krakowie","status":"publish","type":"post","link":"https:\/\/adwokatura.krakow.pl\/adwokaci-i-aplikanci\/zawiadomienie-o-terminie-i-miejscu-przeprowadzenia-egzaminu-wstepnego-na-aplikacje-adwokacka-na-obszarze-wlasciwosci-okregowej-rady-adwokackiej-w-krakowie\/","title":{"rendered":"Zawiadomienie o terminie i miejscu przeprowadzenia egzaminu wst\u0119pnego na aplikacj\u0119 adwokack\u0105 na obszarze w\u0142a\u015bciwo\u015bci Okr\u0119gowej Rady Adwokackiej w Krakowie"},"content":{"rendered":"\n<p><strong>Zawiadomienie o terminie i miejscu przeprowadzenia egzaminu wst\u0119pnego na aplikacj\u0119 adwokack\u0105 na obszarze w\u0142a\u015bciwo\u015bci Okr\u0119gowej Rady Adwokackiej w Krakowie<\/strong><\/p>\n\n\n\n<p>Komisja Egzaminacyjna do spraw aplikacji adwokackiej przy Ministrze Sprawiedliwo\u015bci z siedzib\u0105 w Krakowie zawiadamia, \u017ce egzamin wst\u0119pny odb\u0119dzie si\u0119 w <strong><u>sobot\u0119, w dniu 28 wrze\u015bnia 2024 roku<\/u>, <\/strong>w sali konferencyjnej \u201eKrak\u00f3w\u201d, hotelu DoubleTree by Hilton Krakow Hotel &amp; Convention Center, ul. D\u0105bska 5 w Krakowie.<\/p>\n\n\n\n<p>Szczeg\u00f3\u0142y lokalizacji sali egzaminacyjnej znajduj\u0105 si\u0119 stronie hotelu:<\/p>\n\n\n\n<p><a href=\"http:\/\/www.hiltonhotels.com\/pl_PL\/polska\/doubletree-by-hilton-krakow-hotel-and-convention-center\/\">http:\/\/www.hiltonhotels.com\/pl_PL\/polska\/doubletree-by-hilton-krakow-hotel-and-convention-center\/<\/a><\/p>\n\n\n\n<p>Prosimy o zabranie ze sob\u0105 dowodu osobistego lub innego dokumentu stwierdzaj\u0105cego to\u017csamo\u015b\u0107 ze zdj\u0119ciem i przybycie o <strong>godz. 9.00,<\/strong> o kt\u00f3rej to godzinie Komisja Egzaminacyjna rozpocznie rejestracj\u0119 kandydat\u00f3w.<\/p>\n\n\n\n<p>Egzamin rozpocznie si\u0119 o <strong>godz. 11.00<\/strong>.<\/p>\n\n\n\n<p>Stawienie si\u0119 przez kandydata na egzamin po jego rozpocz\u0119ciu, bez wzgl\u0119du na przyczyn\u0119, uwa\u017ca si\u0119 za odst\u0105pienie od udzia\u0142u w egzaminie.<\/p>\n","protected":false},"excerpt":{"rendered":"<p>Zawiadomienie o terminie i miejscu przeprowadzenia egzaminu wst\u0119pnego na aplikacj\u0119 adwokack\u0105 na obszarze w\u0142a\u015bciwo\u015bci Okr\u0119gowej Rady Adwokackiej w Krakowie Komisja Egzaminacyjna do spraw aplikacji adwokackiej przy Ministrze Sprawiedliwo\u015bci z siedzib\u0105 w Krakowie zawiadamia, \u017ce egzamin wst\u0119pny odb\u0119dzie si\u0119 w sobot\u0119, w dniu 28 wrze\u015bnia 2024 roku, w sali konferencyjnej \u201eKrak\u00f3w\u201d, hotelu DoubleTree by Hilton Krakow [&hellip;]<\/p>\n","protected":false},"author":9,"featured_media":0,"comment_status":"closed","ping_status":"closed","sticky":false,"template":"","format":"standard","meta":{"_acf_changed":false,"inline_featured_image":false,"footnotes":""},"categories":[6],"tags":[61,60,59,62],"class_list":["post-4459","post","type-post","status-publish","format-standard","hentry","category-artykuly","tag-aplikat-adwokacki","tag-egzamin","tag-egzamin-wstepny-na-apl-adw","tag-wstepny-egzamin-na-aplikacje"],"acf":[],"_links":{"self":[{"href":"https:\/\/adwokatura.krakow.pl\/adwokaci-i-aplikanci\/wp-json\/wp\/v2\/posts\/4459","targetHints":{"allow":["GET"]}}],"collection":[{"href":"https:\/\/adwokatura.krakow.pl\/adwokaci-i-aplikanci\/wp-json\/wp\/v2\/posts"}],"about":[{"href":"https:\/\/adwokatura.krakow.pl\/adwokaci-i-aplikanci\/wp-json\/wp\/v2\/types\/post"}],"author":[{"embeddable":true,"href":"https:\/\/adwokatura.krakow.pl\/adwokaci-i-aplikanci\/wp-json\/wp\/v2\/users\/9"}],"replies":[{"embeddable":true,"href":"https:\/\/adwokatura.krakow.pl\/adwokaci-i-aplikanci\/wp-json\/wp\/v2\/comments?post=4459"}],"version-history":[{"count":1,"href":"https:\/\/adwokatura.krakow.pl\/adwokaci-i-aplikanci\/wp-json\/wp\/v2\/posts\/4459\/revisions"}],"predecessor-version":[{"id":4460,"href":"https:\/\/adwokatura.krakow.pl\/adwokaci-i-aplikanci\/wp-json\/wp\/v2\/posts\/4459\/revisions\/4460"}],"wp:attachment":[{"href":"https:\/\/adwokatura.krakow.pl\/adwokaci-i-aplikanci\/wp-json\/wp\/v2\/media?parent=4459"}],"wp:term":[{"taxonomy":"category","embeddable":true,"href":"https:\/\/adwokatura.krakow.pl\/adwokaci-i-aplikanci\/wp-json\/wp\/v2\/categories?post=4459"},{"taxonomy":"post_tag","embeddable":true,"href":"https:\/\/adwokatura.krakow.pl\/adwokaci-i-aplikanci\/wp-json\/wp\/v2\/tags?post=4459"}],"curies":[{"name":"wp","href":"https:\/\/api.w.org\/{rel}","templated":true}]}}