{"id":4463,"date":"2024-09-24T08:54:17","date_gmt":"2024-09-24T06:54:17","guid":{"rendered":"https:\/\/adwokatura.krakow.pl\/adwokaci-i-aplikanci\/?p=4463"},"modified":"2025-09-16T09:49:44","modified_gmt":"2025-09-16T07:49:44","slug":"nieodplatna-pomoc-prawna-nieodplatna-mediacja-2025","status":"publish","type":"post","link":"https:\/\/adwokatura.krakow.pl\/adwokaci-i-aplikanci\/nieodplatna-pomoc-prawna-nieodplatna-mediacja-2025\/","title":{"rendered":"NIEODP\u0141ATNA POMOC PRAWNA \/ NIEODP\u0141ATNA MEDIACJA 2026"},"content":{"rendered":"\n<figure class=\"wp-block-table\"><table><tbody><tr><td><strong>Szanowni Pa\u0144stwo Adwokaci<\/strong><br><strong>Krakowskiej Izby Adwokackiej<\/strong><br><br>Na podstawie Ustawy z dnia 05 sierpnia 2015 roku o nieodp\u0142atnej pomocy prawnej, nieodp\u0142atnym poradnictwie obywatelskim oraz edukacji prawnej (Dz. U. z 2024 r., poz. 1534, z 2025 r. poz. 1166.), jak r\u00f3wnie\u017c uchwa\u0142y podj\u0119tej przez Naczeln\u0105 Rad\u0119 Adwokack\u0105 w Warszawie (uchwa\u0142a nr 40\/2015 z dnia 19 wrze\u015bnia 2015 roku) Okr\u0119gowa Rada Adwokacka w Krakowie rozpoczyna nab\u00f3r skierowany do adwokat\u00f3w KIA, kt\u00f3rzy chcieliby \u015bwiadczy\u0107 nieodp\u0142atn\u0105 pomoc prawn\u0105\/ nieodp\u0142atn\u0105 mediacj\u0119 w roku 2026.<br><strong>Nab\u00f3r prowadzony b\u0119dzie za po\u015brednictwem ankiety dost\u0119pnej poni\u017cej:<\/strong><br><br><a href=\"https:\/\/docs.google.com\/forms\/d\/e\/1FAIpQLSe97DBZiZEWygnmrhybyqmNGh53K81JFGk4L61npFjWwH6Ohg\/viewform\"><strong>&gt;&gt; ZAPISY &lt;&lt;<\/strong><\/a><br><br>Zainteresowani proszeni s\u0105 o wybranie\u00a0<strong>wy\u0142\u0105cznie jednego<\/strong>\u00a0<strong>powiatu\/gminy na prawach powiatu\u00a0<\/strong>wg wykazu w ankiecie, a ponadto o podanie informacji o gotowo\u015bci \u015bwiadczenia dy\u017curu w ramach nieodp\u0142atnej mediacji. W tym ostatnim przypadku konieczne jest pozostawanie wpisanym na list\u0119 mediator\u00f3w prowadzon\u0105 przez w\u0142a\u015bciwy S\u0105d Okr\u0119gowy.<br><br><strong>Zg\u0142oszenia przyjmowane b\u0119d\u0105 do dnia 13 pa\u017adziernika 2025 roku.<\/strong><br><br>Listy Adwokat\u00f3w, kt\u00f3rzy dokonaj\u0105 zg\u0142oszenia w terminie zostan\u0105 przekazane odpowiednim Starostom\/Prezydentom w kolejno\u015bci alfabetycznej.<br><br>ORA w Krakowie nie wprowadza limit\u00f3w zg\u0142osze\u0144 oraz nie jest decydentem w sprawach dotycz\u0105cych podpisywania um\u00f3w bezpo\u015brednio z adwokatami.<br><br>W razie dodatkowych pyta\u0144 prosz\u0119 o kontakt z biurem Rady,<br>e-mail:\u00a0<a href=\"mailto:ora@adwokatura.krakow.pl\">ora@adwokatura.krakow.pl<\/a><br><br><em>Z powa\u017caniem,<\/em><br><em>Sekretarz\u00a0Okr\u0119gowej Rady Adwokackiej\u00a0w Krakowie<\/em><br><em>adw. Marcin Kosiorkiewicz<\/em><\/td><\/tr><\/tbody><\/table><\/figure>\n\n\n<a class=\"button button--zielony-ze-strzalka\" href=\"https:\/\/docs.google.com\/forms\/d\/e\/1FAIpQLSe97DBZiZEWygnmrhybyqmNGh53K81JFGk4L61npFjWwH6Ohg\/viewform\">\n        ZAPISY<\/a>\n\n\n\n<p><\/p>\n","protected":false},"excerpt":{"rendered":"<p>Szanowni Pa\u0144stwo AdwokaciKrakowskiej Izby Adwokackiej Na podstawie Ustawy z dnia 05 sierpnia 2015 roku o nieodp\u0142atnej pomocy prawnej, nieodp\u0142atnym poradnictwie obywatelskim oraz edukacji prawnej (Dz. U. z 2024 r., poz. 1534, z 2025 r. poz. 1166.), jak r\u00f3wnie\u017c uchwa\u0142y podj\u0119tej przez Naczeln\u0105 Rad\u0119 Adwokack\u0105 w Warszawie (uchwa\u0142a nr 40\/2015 z dnia 19 wrze\u015bnia 2015 roku) [&hellip;]<\/p>\n","protected":false},"author":9,"featured_media":0,"comment_status":"closed","ping_status":"closed","sticky":false,"template":"","format":"standard","meta":{"_acf_changed":false,"inline_featured_image":false,"footnotes":""},"categories":[6],"tags":[64,63],"class_list":["post-4463","post","type-post","status-publish","format-standard","hentry","category-artykuly","tag-nieodplatna-pomoc-prawna","tag-npp"],"acf":[],"_links":{"self":[{"href":"https:\/\/adwokatura.krakow.pl\/adwokaci-i-aplikanci\/wp-json\/wp\/v2\/posts\/4463","targetHints":{"allow":["GET"]}}],"collection":[{"href":"https:\/\/adwokatura.krakow.pl\/adwokaci-i-aplikanci\/wp-json\/wp\/v2\/posts"}],"about":[{"href":"https:\/\/adwokatura.krakow.pl\/adwokaci-i-aplikanci\/wp-json\/wp\/v2\/types\/post"}],"author":[{"embeddable":true,"href":"https:\/\/adwokatura.krakow.pl\/adwokaci-i-aplikanci\/wp-json\/wp\/v2\/users\/9"}],"replies":[{"embeddable":true,"href":"https:\/\/adwokatura.krakow.pl\/adwokaci-i-aplikanci\/wp-json\/wp\/v2\/comments?post=4463"}],"version-history":[{"count":4,"href":"https:\/\/adwokatura.krakow.pl\/adwokaci-i-aplikanci\/wp-json\/wp\/v2\/posts\/4463\/revisions"}],"predecessor-version":[{"id":6232,"href":"https:\/\/adwokatura.krakow.pl\/adwokaci-i-aplikanci\/wp-json\/wp\/v2\/posts\/4463\/revisions\/6232"}],"wp:attachment":[{"href":"https:\/\/adwokatura.krakow.pl\/adwokaci-i-aplikanci\/wp-json\/wp\/v2\/media?parent=4463"}],"wp:term":[{"taxonomy":"category","embeddable":true,"href":"https:\/\/adwokatura.krakow.pl\/adwokaci-i-aplikanci\/wp-json\/wp\/v2\/categories?post=4463"},{"taxonomy":"post_tag","embeddable":true,"href":"https:\/\/adwokatura.krakow.pl\/adwokaci-i-aplikanci\/wp-json\/wp\/v2\/tags?post=4463"}],"curies":[{"name":"wp","href":"https:\/\/api.w.org\/{rel}","templated":true}]}}